{"id":20950,"date":"2019-03-26T13:42:53","date_gmt":"2019-03-26T18:42:53","guid":{"rendered":"https:\/\/emisora.univalle.edu.co\/?p=20950"},"modified":"2019-03-26T13:42:53","modified_gmt":"2019-03-26T18:42:53","slug":"comunicado-de-la-rectoria-2","status":"publish","type":"post","link":"https:\/\/emisora.univalle.edu.co\/index.php\/comunicado-de-la-rectoria-2\/","title":{"rendered":"Comunicado de la Rector\u00eda"},"content":{"rendered":"<p><span class=\"authorPost\">Agencia de Noticias Univalle<\/span><\/p>\n<div class=\"itemFullText\">\n<p>La Direcci\u00f3n Universitaria lamenta profundamente el tr\u00e1gico fallecimiento del estudiante de arquitectura Jonathan Eduardo Landinez Valencia, el pasado jueves 21 de marzo. De acuerdo con la informaci\u00f3n suministrada hasta ahora por las autoridades y los medios de comunicaci\u00f3n, estos hechos se encuentran en proceso de esclarecimiento por las autoridades judiciales competentes. A ellas les solicitamos que, con base en la evidencia cient\u00edfica y con pruebas rigurosas, se haga claridad sobre las circunstancias y causas de estos hechos a la mayor brevedad posible. Jonathan era un reconocido l\u00edder estudiantil, destacado deportista y se desempe\u00f1aba como monitor del Consultorio de Arquitectura e Ingenier\u00eda.<\/p>\n<p>En este triste episodio fallecieron adem\u00e1s, de forma igualmente tr\u00e1gica y lamentable, siete ind\u00edgenas de diversas comunidades, que participaban en las actividades de movilizaci\u00f3n denominadas mingas comunitarias.<\/p>\n<p>Expresamos nuestra voz de solidaridad y de condolencias a los padres de Jonathan, Luis Eduardo Landinez y Rosa Estela Valencia, a sus hermanos, Juan David y Migdalia Andrea, as\u00ed como a sus familiares y allegados.<\/p>\n<p>As\u00ed mismo, presentamos nuestro mensaje de pesar a los compa\u00f1eros y profesores de Jonathan en la Escuela de Arquitectura, y en general a los directivos universitarios, a la comunidad estudiantil, profesoral y de empleados, quienes se encuentran afligidos por este tr\u00e1gico acontecimiento.<\/p>\n<p>A los integrantes de las comunidades ind\u00edgenas y familias a las que pertenec\u00edan las otras v\u00edctimas les transmitimos, con profundo respeto y solidaridad, nuestro sentido mensaje de pesar por el fallecimiento de Carlos Tunay Toquicama, Juan Carlos Nequirucama Guaugareve, Rivaldo Aldair Ciegamo Saigama, Yeison Hern\u00e1ndez Sanabria, Ferney Dar\u00edo Ramos Mach\u00edn, Felipe Guetia Osnas e Iv\u00e1n Yonda Casamach\u00edn.<\/p>\n<p><strong>EDGAR VARELA BARRIOS<\/strong><br \/>\n<strong>Rector<\/strong><\/p>\n<\/div>\n","protected":false},"excerpt":{"rendered":"<p>Agencia de Noticias Univalle La Direcci\u00f3n Universitaria lamenta profundamente el tr\u00e1gico fallecimiento del estudiante de arquitectura Jonathan Eduardo Landinez Valencia, el pasado jueves 21 de marzo. De acuerdo con la informaci\u00f3n suministrada hasta ahora por las autoridades y los medios de comunicaci\u00f3n, estos hechos se encuentran en proceso de esclarecimiento[&#8230;]<\/p>\n","protected":false},"author":1,"featured_media":20951,"comment_status":"open","ping_status":"open","sticky":false,"template":"","format":"standard","meta":{"footnotes":""},"categories":[4],"tags":[],"_links":{"self":[{"href":"https:\/\/emisora.univalle.edu.co\/index.php\/wp-json\/wp\/v2\/posts\/20950"}],"collection":[{"href":"https:\/\/emisora.univalle.edu.co\/index.php\/wp-json\/wp\/v2\/posts"}],"about":[{"href":"https:\/\/emisora.univalle.edu.co\/index.php\/wp-json\/wp\/v2\/types\/post"}],"author":[{"embeddable":true,"href":"https:\/\/emisora.univalle.edu.co\/index.php\/wp-json\/wp\/v2\/users\/1"}],"replies":[{"embeddable":true,"href":"https:\/\/emisora.univalle.edu.co\/index.php\/wp-json\/wp\/v2\/comments?post=20950"}],"version-history":[{"count":1,"href":"https:\/\/emisora.univalle.edu.co\/index.php\/wp-json\/wp\/v2\/posts\/20950\/revisions"}],"predecessor-version":[{"id":20952,"href":"https:\/\/emisora.univalle.edu.co\/index.php\/wp-json\/wp\/v2\/posts\/20950\/revisions\/20952"}],"wp:featuredmedia":[{"embeddable":true,"href":"https:\/\/emisora.univalle.edu.co\/index.php\/wp-json\/wp\/v2\/media\/20951"}],"wp:attachment":[{"href":"https:\/\/emisora.univalle.edu.co\/index.php\/wp-json\/wp\/v2\/media?parent=20950"}],"wp:term":[{"taxonomy":"category","embeddable":true,"href":"https:\/\/emisora.univalle.edu.co\/index.php\/wp-json\/wp\/v2\/categories?post=20950"},{"taxonomy":"post_tag","embeddable":true,"href":"https:\/\/emisora.univalle.edu.co\/index.php\/wp-json\/wp\/v2\/tags?post=20950"}],"curies":[{"name":"wp","href":"https:\/\/api.w.org\/{rel}","templated":true}]}}