{"id":20953,"date":"2019-03-26T13:43:53","date_gmt":"2019-03-26T18:43:53","guid":{"rendered":"https:\/\/emisora.univalle.edu.co\/?p=20953"},"modified":"2019-03-26T13:43:53","modified_gmt":"2019-03-26T18:43:53","slug":"en-la-universidad-se-habla-de-genero","status":"publish","type":"post","link":"https:\/\/emisora.univalle.edu.co\/index.php\/en-la-universidad-se-habla-de-genero\/","title":{"rendered":"En la Universidad se habla de g\u00e9nero"},"content":{"rendered":"<p><span class=\"authorPost\">Agencia de Noticias Univalle<\/span><\/p>\n<div class=\"itemIntroText\">\n<p>La Escuela de Comunicaci\u00f3n Social de la Universidad del Valle organiz\u00f3 el panel \u201cInvestigaci\u00f3n e Intervenci\u00f3n Social en Comunicaci\u00f3n con Enfoque de G\u00e9nero\u201d, un evento que a pesar de su car\u00e1cter acad\u00e9mico, fue pensado como un espacio para hacer pedagog\u00eda en torno al tema, entre la comunidad universitaria.<\/p>\n<\/div>\n<div class=\"itemFullText\">\n<p>Durante el panel, se presentaron cuatro trabajos de investigaci\u00f3n e intervenci\u00f3n social realizados por egresadas de distintas cohortes del programa acad\u00e9mico de Comunicaci\u00f3n Social y Periodismo. Dos de estos fueron trabajos de grado presentados para optar al t\u00edtulo en comunicaci\u00f3n social, se trata de \u201cDel litoral al asfalto: memorias de desplazamiento y resistencia\u201d, de las comunicadoras Diana Agredo, Daniela Ram\u00edrez y Aura Lema, y \u201cCaja de herramientas para pensar la sororidad\u201d de Wendi L\u00f3pez, Laura Mu\u00f1\u00f3z y Kelly S\u00e1nchez.<\/p>\n<p>\u201cDel litoral al asfalto: memorias de desplazamiento y resistencia\u201d es un libro que re\u00fane las voces de seis mujeres campesinas afrocolombianas, desplazadas por la violencia y que residen actualmente en el barrio Potrero Grande, del oriente de Cali. Diana, Daniela y Aura, sus autoras, se sintieron increpadas por lo que significaba ser mujer en esta ciudad y mientras formulaban su proyecto de grado, el pa\u00eds se preparaba para votar por el plebiscito sobre los acuerdos de paz, que condujo su investigaci\u00f3n hacia la construcci\u00f3n de un registro de la memoria hist\u00f3rica del conflicto armado, a trav\u00e9s de las narraciones de mujeres sobrevivientes, que abandonaron sus territorios para sobrevivir en Cali.<\/p>\n<p>Por otro lado, \u201cCaja de herramientas para pensar la sororidad\u201d es una intervenci\u00f3n social con enfoque de g\u00e9nero a mujeres recluidas en un centro de formaci\u00f3n para menores de edad. Una vez por semana, durante seis meses, Wendi, Laura y Kelly trabajaron, con estas adolescentes, temas relacionados con g\u00e9nero, feminismo y sororidad, un concepto que ha sido estudiado y promovido en latinoamerica por la te\u00f3rica mexicana Marcela Lagarde, quien lo define como una alianza pol\u00edtica.<\/p>\n<p>Para Wendi L\u00f3pez, la sororidad significa ser aliadas, reconocer a la otra en todo sentido, construir proyectos colectivos para reducir violencias, no juzgarnos, ni seguir directrices del sistema patriarcal como odiarnos, no respetarnos o envidiarnos. \u201cViolencia hemos sufrido todas, situaciones de desigualdad o de opresi\u00f3n del patriarcado hemos vivido todas, entonces \u00bfpor qu\u00e9 no reconocernos desde eso?. Se trata de trabajar desde los acuerdos y no desde los disensos\u201d, afirm\u00f3 la comunicadora, qui\u00e9n reconoce que durante esta intervenci\u00f3n se logr\u00f3 fortalecer la conciencia pol\u00edtica de g\u00e9nero de las menores recluidas y tambi\u00e9n la suya y la de sus compa\u00f1eras de trabajo.<\/p>\n<p>Laura Mu\u00f1\u00f3z, considera que siempre es posible trabajar asuntos como el tema de g\u00e9nero con poblaci\u00f3n de escolaridad baja y condiciones de vida dif\u00edciles y que adem\u00e1s es necesario, porque as\u00ed se potencia que la calidad de vida de estas personas y mejore en la medida en que se puede tomar conciencia de las violencias que se viven, de los entornos violentos en los que se est\u00e1 y de la responsabilidad de las mujeres frente a las acciones que convierten a una mujer en generadora de violencias hacia otras cong\u00e9neres.<\/p>\n<p>Por su parte, Alejandra Ram\u00edrez present\u00f3 el trabajo \u201cSignificados del lugar\/espacio, comunidad y empoderamiento desde una perspectiva de g\u00e9nero. Experiencias de mujeres afrocolombianas desplazadas del Pac\u00edfico colombiano\u201d, con el que obtuvo el grado de magister en estudios del desarrollo, derechos humanos, g\u00e9nero y estudios del conflicto del Instituto Internacional de Estudios Sociales (International Institute of Social Studies \u2013 ISS), de la Universidad Erasmo de R\u00f3terdam, Pa\u00edses Bajos.<\/p>\n<p>Este trabajo cuenta las experiencias de mujeres afrocolombianas desplazadas por la violencia en el Pac\u00edfico colombiano y que est\u00e1n viviendo en Cali procesos de significaci\u00f3n del espacio, que tienen un sentir particular frente a la comunidad y una definici\u00f3n propia del empoderamiento.<\/p>\n<p>Durante los Acuerdos de Paz de la Habana, se habl\u00f3 de restituci\u00f3n de tierras y de apropiaci\u00f3n del espacio, pero para Alejandra Ram\u00edrez, las demandas que hacen las mujeres, desplazadas por el conflicto armado, en cuanto a la apropiaci\u00f3n del espacio no tienen que ver necesariamente con sus entornos rurales de origen, \u201cmuchas de ellas no quieren regresar pero si reclaman espacios en la ciudad\u201d, afirm\u00f3 la comunicadora, qui\u00e9n agreg\u00f3: \u201cHay un vac\u00edo en este tema en el Proceso de Paz, puesto que se reconoce que s\u00ed hay entornos de los que las personas se sienten parte, pero no que tambi\u00e9n hay procesos en las ciudades y que generan arraigo, por eso la importancia de escuchar voces distintas a las que plantea un documento que viene de una instituci\u00f3n o el Gobierno\u201d.<\/p>\n<p>Por \u00faltimo, Natalia Campo, qui\u00e9n adem\u00e1s de comunicadora social tambi\u00e9n es licenciada en literatura de la Universidad del Valle y maestra en artes visuales de la Universidad Nacional Aut\u00f3noma de M\u00e9xico- UNAM, present\u00f3 la tesis doctoral, con la que se gradu\u00f3 como doctora en humanidades de la Universidad del Valle, \u201cCon ojos de Mujer: Representaciones de g\u00e9nero en cinco fot\u00f3grafas feministas latinoamericanas\u201d.<\/p>\n<p>En este trabajo se hizo un estudio sobre las representaciones, los roles y las pr\u00e1cticas de las relaciones de g\u00e9nero en la obra de cinco fot\u00f3grafas mujeres latinoamericanas que han manifestado un inter\u00e9s importante por la perspectiva de g\u00e9nero: la colombiana Libia Posada, quien trabaj\u00f3 con mujeres desplazadas por el conflicto armado; la chilena Zaida Gonz\u00e1lez, cuyas fotograf\u00edas resignifican temas de la iglesia cat\u00f3lica y los cuentos de hadas; la mexicana Teresa Serrano, que trata los conceptos de las relaciones de g\u00e9nero a trav\u00e9s del video performance; Alma L\u00f3pez, quien tambi\u00e9n es mexicana pero est\u00e1 radicada en Estados Unidos y se reconoce como feminista\u00a0<em>queer<\/em>, ha trabajado sobre el g\u00e9nero y el feminismo a trav\u00e9s de una est\u00e9tica\u00a0<em>kitsch<\/em>\u00a0que ha denominado \u2018rasquachismo; y la fallecida cubana, Ana Mendieta, cuya obra propone hacer una b\u00fasqueda hacia las ra\u00edces de la mujer, mirando por fuera del cuerpo femenino, que ha sido repetidamente abordado desde lo hegem\u00f3nico, para poder regresar a su propio ser y a su esencia.<\/p>\n<p>Natalia Campo manifest\u00f3 que entre los hallazgos de su investigaci\u00f3n se encontr\u00f3 con la importancia de la educaci\u00f3n y la reeducaci\u00f3n de la mirada para las mujeres, de que \u00e9stas puedan hacerse conscientes de lo que est\u00e1 pasando con su forma de ver el mundo para empezar a mirar de otra manera; asimismo, resalt\u00f3 la importancia de descolonizar esa mirada, tratar de olvidar lo impuesto para re-aprender lo propio. Tambi\u00e9n destac\u00f3 el lugar que ha tenido el autorretrato en el trabajo de las mujeres artistas como parte del proceso de auto reconocimiento y abordaje de los conceptos relacionados con el feminismo y el g\u00e9nero.<\/p>\n<p>A este panel asistieron estudiantes, docentes y personal administrativo de las dependencias de la Universidad, lo que demuestra un creciente inter\u00e9s y sensibilizaci\u00f3n entre la comunidad universitaria por el tema de las relaciones de g\u00e9nero.<\/p>\n<\/div>\n","protected":false},"excerpt":{"rendered":"<p>Agencia de Noticias Univalle La Escuela de Comunicaci\u00f3n Social de la Universidad del Valle organiz\u00f3 el panel \u201cInvestigaci\u00f3n e Intervenci\u00f3n Social en Comunicaci\u00f3n con Enfoque de G\u00e9nero\u201d, un evento que a pesar de su car\u00e1cter acad\u00e9mico, fue pensado como un espacio para hacer pedagog\u00eda en torno al tema, entre la[&#8230;]<\/p>\n","protected":false},"author":1,"featured_media":20954,"comment_status":"open","ping_status":"open","sticky":false,"template":"","format":"standard","meta":{"footnotes":""},"categories":[4],"tags":[],"_links":{"self":[{"href":"https:\/\/emisora.univalle.edu.co\/index.php\/wp-json\/wp\/v2\/posts\/20953"}],"collection":[{"href":"https:\/\/emisora.univalle.edu.co\/index.php\/wp-json\/wp\/v2\/posts"}],"about":[{"href":"https:\/\/emisora.univalle.edu.co\/index.php\/wp-json\/wp\/v2\/types\/post"}],"author":[{"embeddable":true,"href":"https:\/\/emisora.univalle.edu.co\/index.php\/wp-json\/wp\/v2\/users\/1"}],"replies":[{"embeddable":true,"href":"https:\/\/emisora.univalle.edu.co\/index.php\/wp-json\/wp\/v2\/comments?post=20953"}],"version-history":[{"count":1,"href":"https:\/\/emisora.univalle.edu.co\/index.php\/wp-json\/wp\/v2\/posts\/20953\/revisions"}],"predecessor-version":[{"id":20955,"href":"https:\/\/emisora.univalle.edu.co\/index.php\/wp-json\/wp\/v2\/posts\/20953\/revisions\/20955"}],"wp:featuredmedia":[{"embeddable":true,"href":"https:\/\/emisora.univalle.edu.co\/index.php\/wp-json\/wp\/v2\/media\/20954"}],"wp:attachment":[{"href":"https:\/\/emisora.univalle.edu.co\/index.php\/wp-json\/wp\/v2\/media?parent=20953"}],"wp:term":[{"taxonomy":"category","embeddable":true,"href":"https:\/\/emisora.univalle.edu.co\/index.php\/wp-json\/wp\/v2\/categories?post=20953"},{"taxonomy":"post_tag","embeddable":true,"href":"https:\/\/emisora.univalle.edu.co\/index.php\/wp-json\/wp\/v2\/tags?post=20953"}],"curies":[{"name":"wp","href":"https:\/\/api.w.org\/{rel}","templated":true}]}}