{"id":20969,"date":"2019-03-28T13:13:09","date_gmt":"2019-03-28T18:13:09","guid":{"rendered":"https:\/\/emisora.univalle.edu.co\/?p=20969"},"modified":"2019-03-28T13:13:09","modified_gmt":"2019-03-28T18:13:09","slug":"viernes-de-letras-con-ida-valencia-ortiz","status":"publish","type":"post","link":"https:\/\/emisora.univalle.edu.co\/index.php\/viernes-de-letras-con-ida-valencia-ortiz\/","title":{"rendered":"Viernes de Letras con Ida Valencia Ortiz"},"content":{"rendered":"<p><span class=\"authorPost\">Agencia de Noticias Univalle<\/span><\/p>\n<div class=\"itemFullText\">\n<p>La escritora, realizadora audiovisual y docente Ida Valencia Ortiz ser\u00e1 la invitada a la siguiente sesi\u00f3n de Viernes de Letras, programa de la Escuela de Estudios Literarios de la Universidad del Valle.<\/p>\n<p>El conversatorio con esta autora se realizar\u00e1 este viernes 29 de marzo de 2019, a las 6:00 p.m., en la Sala Mutis, Biblioteca Mario Carvajal, Campus de Mel\u00e9ndez.<\/p>\n<p>La profesora presentar\u00e1 la conferencia \u201cArte, vida y docencia\u201d. El coordinador del evento ser\u00e1 el poeta y docente Carlos Pati\u00f1o Mill\u00e1n. En esta ocasi\u00f3n, la invitada ser\u00e1 presentada por la estudiante de la Licenciatura en Literatura Meliza Erazo.<\/p>\n<p>Ida Valencia Ort\u00edz es profesora, investigadora, escritora y realizadora audiovisual nacida en Bogot\u00e1. Mag\u00edster en Literatura Colombiana y Latinoamericana por la Escuela de Estudios Literarios de la Universidad del Valle.<\/p>\n<p>Entre sus publicaciones se encuentra el libro de microficciones: \u201cTrampas\u201d (2012); los ensayos: \u201cHistoria de un entusiasmo: Una invitaci\u00f3n a la escritura\u201d (2008), \u201cLa propuesta pol\u00edtica y escritural de Laura Restrepo\u201d (2011), \u201cLos Emigrados: Viaje y mirada de mujer\u201d (2012), \u201cTranshumanitas creativas\u201d (2016) y \u201cEl caballete hologr\u00e1fico: Ensayos sobre arte, literatura y educaci\u00f3n\u201d (2018). Fue editora del volumen: \u201cCincuenta meses en Mosc\u00fa\u201d (2005).<\/p>\n<p>Poemas y cuentos suyos aparecen en las antolog\u00edas: \u201cVoces y diferencias\u201d (2005), \u201cMaestro cuento\u201d (2015), \u201cMiradas oblicuas\u201d (2015) y \u201cPalabras que migran\u201d (2016).<\/p>\n<p>Actualmente se desempe\u00f1a como docente e investigadora de la Universidad del Valle y es candidata a Doctora en Pensamiento Complejo.<\/p>\n<\/div>\n","protected":false},"excerpt":{"rendered":"<p>Agencia de Noticias Univalle La escritora, realizadora audiovisual y docente Ida Valencia Ortiz ser\u00e1 la invitada a la siguiente sesi\u00f3n de Viernes de Letras, programa de la Escuela de Estudios Literarios de la Universidad del Valle. El conversatorio con esta autora se realizar\u00e1 este viernes 29 de marzo de 2019,[&#8230;]<\/p>\n","protected":false},"author":1,"featured_media":20970,"comment_status":"open","ping_status":"open","sticky":false,"template":"","format":"standard","meta":{"footnotes":""},"categories":[4],"tags":[],"_links":{"self":[{"href":"https:\/\/emisora.univalle.edu.co\/index.php\/wp-json\/wp\/v2\/posts\/20969"}],"collection":[{"href":"https:\/\/emisora.univalle.edu.co\/index.php\/wp-json\/wp\/v2\/posts"}],"about":[{"href":"https:\/\/emisora.univalle.edu.co\/index.php\/wp-json\/wp\/v2\/types\/post"}],"author":[{"embeddable":true,"href":"https:\/\/emisora.univalle.edu.co\/index.php\/wp-json\/wp\/v2\/users\/1"}],"replies":[{"embeddable":true,"href":"https:\/\/emisora.univalle.edu.co\/index.php\/wp-json\/wp\/v2\/comments?post=20969"}],"version-history":[{"count":2,"href":"https:\/\/emisora.univalle.edu.co\/index.php\/wp-json\/wp\/v2\/posts\/20969\/revisions"}],"predecessor-version":[{"id":20972,"href":"https:\/\/emisora.univalle.edu.co\/index.php\/wp-json\/wp\/v2\/posts\/20969\/revisions\/20972"}],"wp:featuredmedia":[{"embeddable":true,"href":"https:\/\/emisora.univalle.edu.co\/index.php\/wp-json\/wp\/v2\/media\/20970"}],"wp:attachment":[{"href":"https:\/\/emisora.univalle.edu.co\/index.php\/wp-json\/wp\/v2\/media?parent=20969"}],"wp:term":[{"taxonomy":"category","embeddable":true,"href":"https:\/\/emisora.univalle.edu.co\/index.php\/wp-json\/wp\/v2\/categories?post=20969"},{"taxonomy":"post_tag","embeddable":true,"href":"https:\/\/emisora.univalle.edu.co\/index.php\/wp-json\/wp\/v2\/tags?post=20969"}],"curies":[{"name":"wp","href":"https:\/\/api.w.org\/{rel}","templated":true}]}}