{"id":20984,"date":"2019-04-03T12:06:56","date_gmt":"2019-04-03T17:06:56","guid":{"rendered":"https:\/\/emisora.univalle.edu.co\/?p=20984"},"modified":"2019-04-03T12:06:56","modified_gmt":"2019-04-03T17:06:56","slug":"alexander-von-humboldt-un-cientifico-mundial","status":"publish","type":"post","link":"https:\/\/emisora.univalle.edu.co\/index.php\/alexander-von-humboldt-un-cientifico-mundial\/","title":{"rendered":"Alexander von Humboldt: un cient\u00edfico mundial"},"content":{"rendered":"<p><span class=\"authorPost\">Agencia de Noticias Univalle<\/span><\/p>\n<div class=\"itemFullText\">\n<p>No ten\u00eda GPS ni computador, no conoc\u00eda el territorio ni el idioma, aun as\u00ed, recorri\u00f3 un continente en su estad\u00eda, construyendo un legado de conocimiento para el mundo.<\/p>\n<p>Quien hoy es considerado el padre de la geograf\u00eda moderna vino a Sur Am\u00e9rica en 1799, cuando ten\u00eda 30 a\u00f1os, dotado de una s\u00f3lida formaci\u00f3n cient\u00edfica y armado con un arsenal de instrumentos de medici\u00f3n y la curiosidad propia de los antiguos exploradores que se aventuraron por el mundo para construir ciencia.<\/p>\n<p>Friedrich Wilhelm Heinrich Alexander Freiherr von Humboldt, m\u00e1s conocido como\u00a0Alexander von Humboldt, fue un ge\u00f3logo Prusiano nacido en Berl\u00edn, el 14 de septiembre de 1769. Pero fue mucho m\u00e1s que ge\u00f3logo, fue un pol\u00edmata: apasionado naturalista, ge\u00f3grafo, bot\u00e1nico, antrop\u00f3logo y humanista que recorri\u00f3, entre muchos otros lugares: China, la Ant\u00e1rtica, Norteam\u00e9rica, Siberia, Tasmania y Nueva Zelanda.<\/p>\n<p>Su visita a Am\u00e9rica Latina incluy\u00f3 un recorrido por Venezuela, Cuba, Colombia, Ecuador, Per\u00fa y M\u00e9xico, en el que comparti\u00f3 conocimientos con Jos\u00e9 Celestino Mutis y Francisco Jos\u00e9 de Caldas, a su paso por el pa\u00eds, entonces Nuevo Reino de Granada.<\/p>\n<p>Seis instituciones de nivel nacional y departamental aunaron esfuerzos para conmemorar el nacimiento de Humboldt con una serie de eventos acad\u00e9micos y culturales. Ellas son: \u00a0La Academia Colombiana de Ciencias Exactas, F\u00edsicas y Naturales &#8211; ACCEFYN, el Centro Cultural Colombo Alem\u00e1n -CCCA, el\u00a0Instituto\u00a0para la Investigaci\u00f3n y la Preservaci\u00f3n del Patrimonio Cultural y Natural del Valle del Cauca \u2013 INCIVA, la Universidad Aut\u00f3noma de Occidente, la Universidad Nacional de Colombia, sede Palmira, y la Universidad del Valle, a trav\u00e9s de su Biblioteca Mario Carvajal y la Facultad de Ciencias Naturales y Exactas.<\/p>\n<p>&nbsp;<\/p>\n<h1><strong>Programaci\u00f3n<\/strong><\/h1>\n<p>&nbsp;<\/p>\n<h2>Conmemoraci\u00f3n del Centro Cultural Colombo Alem\u00e1n<\/h2>\n<p>Oferente: Conmemoraci\u00f3n del Centro Cultural Colombo Alem\u00e1n<\/p>\n<p>&nbsp;<\/p>\n<p><strong>Marzo 28 &#8211; 6:30 p.m.<\/strong><br \/>\nConferencia: Semanario del Nuevo Reino de Granada, presenta Gilberto Loaiza (Univalle)<br \/>\nLugar: Centro Cultural Banco de la Republica &#8211; Calle 7 # 4 &#8211; 69 Piso 3<\/p>\n<p><strong>Abril 09 \u2013 1:00 p.m.<\/strong><br \/>\nRecital de \u00d3rgano, presenta Hansj\u00f6rg Albrecht (Organista alem\u00e1n)<br \/>\nTocata y fuga en re menor, J. S. Bach, Homenaje a Alexander von Humboldt, improvisaci\u00f3n sinf\u00f3nica, Preludios, J. S. Bach.<br \/>\nLugar: Catedral de San Pedro, Calle 11 # 5 &#8211; 39 Centro<\/p>\n<p><strong>Abril 25 \u2013 6:30 p.m.<\/strong><br \/>\nConferencia: Geograf\u00eda de las Plantas como modelo social, presenta Margarita Serje (Uniandes)<br \/>\nLugar: Centro Cultural Banco de la Rep\u00fablica &#8211; Calle 7 # 4 &#8211; 69 Piso 3<\/p>\n<p><strong>Mayo 23 \u2013 6:30 p.m.<\/strong><br \/>\nConferencia: De Volc\u00e1n en volc\u00e1n: La traza geol\u00f3gica de Humboldt en la tierra, presenta Lina Ospina Ostios (Univalle)<br \/>\nLugar: Centro Cultural Banco de la Rep\u00fablica &#8211; Calle 7 # 4 &#8211; 69 Piso 3<\/p>\n<p>&nbsp;<\/p>\n<h2><strong>Carpa de Melquiades<\/strong><\/h2>\n<p>Oferente: Universidad del Valle (a trav\u00e9s de la Facultad de Ciencias Naturales y Exactas)<br \/>\nFecha: junio 13 al 15<br \/>\nLugar: Universidad del Valle<\/p>\n<p>Seminario de Estudios Humboldtianos<br \/>\nOferente:\u00a0Academia Colombiana de Ciencias Exactas, F\u00edsicas y Naturales \u2013 ACCEFYN<\/p>\n<p><b>SESI\u00d3N 4A: Metrolog\u00eda<\/b>\u00a0\u2013 Preside: John W. Appel<br \/>\nFecha: agosto 20<br \/>\nLugar: Cali, Universidad del Valle, Auditorio \u00c1ngel Zapata<\/p>\n<p>Conferencistas:<\/p>\n<p>Alemania: Volker Heck \u2013 Formulaciones matem\u00e1ticas en la obra de Humboldt.<\/p>\n<p>Colombia: Jos\u00e9 Antonio Amaya \u2013\u00a0Humboldt en la conquista de un nuevo espacio geogr\u00e1fico: los Andes m\u00e1s ecuatoriales de Francisco Jos\u00e9 de Caldas.<\/p>\n<p>Luis Carlos Arboleda \u2013 Humboldt, Caldas y la medida de los Andes.<\/p>\n<p><b>Otras sesiones:<\/b><\/p>\n<p>Mayo 8 \u2013 Bogot\u00e1: SESI\u00d3N 2: Cartograf\u00eda e hipsometr\u00eda \u2013 Preside: Mauricio Nieto<\/p>\n<p>Julio 24 \u2013 Medell\u00edn: SESI\u00d3N 3: Biogeograf\u00eda \u2013 Preside: Juan Luis Mej\u00eda<\/p>\n<p>Agosto 22 \u2013 Manizales: SESI\u00d3N 4B: Ciencia e imaginaci\u00f3n \u2013 Preside: Felipe Londo\u00f1o<\/p>\n<p>Octubre 23 \u2013 Cartagena: SESI\u00d3N 5: Sociolog\u00eda y filosof\u00eda \u2013 Preside: Santiago Madri\u00f1\u00e1n<\/p>\n<p>Consulte\u00a0<a href=\"https:\/\/drive.google.com\/open?id=1bpfOBHm2UdjdTzwsuLPXoWVZHjv9ftTL\">aqu\u00ed<\/a>\u00a0los detalles de la programaci\u00f3n de la ACCEFYN<\/p>\n<p>&nbsp;<\/p>\n<p><strong>Exposici\u00f3n bibliogr\u00e1fica\u00a0<i>El Legado de Humboldt<\/i><\/strong><br \/>\n<strong>Oferente: Universidad del Valle<\/strong><br \/>\nFecha: agosto 20 al 30<br \/>\nLugar: Biblioteca Mario Carvajal del Campus Mel\u00e9ndez de la Universidad del Valle.<\/p>\n<\/div>\n","protected":false},"excerpt":{"rendered":"<p>Agencia de Noticias Univalle No ten\u00eda GPS ni computador, no conoc\u00eda el territorio ni el idioma, aun as\u00ed, recorri\u00f3 un continente en su estad\u00eda, construyendo un legado de conocimiento para el mundo. Quien hoy es considerado el padre de la geograf\u00eda moderna vino a Sur Am\u00e9rica en 1799, cuando ten\u00eda[&#8230;]<\/p>\n","protected":false},"author":1,"featured_media":20985,"comment_status":"open","ping_status":"open","sticky":false,"template":"","format":"standard","meta":{"footnotes":""},"categories":[4],"tags":[],"_links":{"self":[{"href":"https:\/\/emisora.univalle.edu.co\/index.php\/wp-json\/wp\/v2\/posts\/20984"}],"collection":[{"href":"https:\/\/emisora.univalle.edu.co\/index.php\/wp-json\/wp\/v2\/posts"}],"about":[{"href":"https:\/\/emisora.univalle.edu.co\/index.php\/wp-json\/wp\/v2\/types\/post"}],"author":[{"embeddable":true,"href":"https:\/\/emisora.univalle.edu.co\/index.php\/wp-json\/wp\/v2\/users\/1"}],"replies":[{"embeddable":true,"href":"https:\/\/emisora.univalle.edu.co\/index.php\/wp-json\/wp\/v2\/comments?post=20984"}],"version-history":[{"count":1,"href":"https:\/\/emisora.univalle.edu.co\/index.php\/wp-json\/wp\/v2\/posts\/20984\/revisions"}],"predecessor-version":[{"id":20986,"href":"https:\/\/emisora.univalle.edu.co\/index.php\/wp-json\/wp\/v2\/posts\/20984\/revisions\/20986"}],"wp:featuredmedia":[{"embeddable":true,"href":"https:\/\/emisora.univalle.edu.co\/index.php\/wp-json\/wp\/v2\/media\/20985"}],"wp:attachment":[{"href":"https:\/\/emisora.univalle.edu.co\/index.php\/wp-json\/wp\/v2\/media?parent=20984"}],"wp:term":[{"taxonomy":"category","embeddable":true,"href":"https:\/\/emisora.univalle.edu.co\/index.php\/wp-json\/wp\/v2\/categories?post=20984"},{"taxonomy":"post_tag","embeddable":true,"href":"https:\/\/emisora.univalle.edu.co\/index.php\/wp-json\/wp\/v2\/tags?post=20984"}],"curies":[{"name":"wp","href":"https:\/\/api.w.org\/{rel}","templated":true}]}}