{"id":20994,"date":"2019-04-08T14:11:29","date_gmt":"2019-04-08T19:11:29","guid":{"rendered":"https:\/\/emisora.univalle.edu.co\/?p=20994"},"modified":"2019-04-08T14:11:29","modified_gmt":"2019-04-08T19:11:29","slug":"comunicado-de-la-direccion-universitaria-restricciones-de-acceso-al-campus-de-melendez","status":"publish","type":"post","link":"https:\/\/emisora.univalle.edu.co\/index.php\/comunicado-de-la-direccion-universitaria-restricciones-de-acceso-al-campus-de-melendez\/","title":{"rendered":"Comunicado de la Direcci\u00f3n Universitaria &#8211; Restricciones de acceso al campus de Mel\u00e9ndez"},"content":{"rendered":"<p>En seguimiento a las instrucciones dadas por el Consejo Superior, sobre la reanudaci\u00f3n de las actividades acad\u00e9micas y administrativas en la Ciudad Universitaria de Mel\u00e9ndez, las Vicerrector\u00edas Acad\u00e9mica y Administrativa precisan a la Comunidad Universitaria y a la ciudadan\u00eda las medidas de restricci\u00f3n de acceso que se tomar\u00e1n durante el d\u00eda lunes 8 de abril, dada la necesidad de desactivar material explosivo que pueda encontrarse. El cuerpo t\u00e9cnico de investigaci\u00f3n, CTI, de la Fiscal\u00eda General de la Naci\u00f3n, del poder judicial de Colombia, ser\u00e1 el encargado de realizar estas labores durante el tiempo que lo consideren necesario para que haya una real garant\u00eda de seguridad en el acceso de personas en las \u00e1reas afectadas por los des\u00f3rdenes del pasado 3 de abril.<\/p>\n<p>Estar\u00e1 restringido el acceso a las siguientes \u00e1reas: \u00c1rea Deportiva, Facultad de Humanidades, Instituto de Psicolog\u00eda, Facultad de Ciencias Sociales y Econ\u00f3micas, Escuela de Arquitectura, Instituto de Educaci\u00f3n y Pedagog\u00eda, Departamento de Dise\u00f1o, Cafeter\u00eda Central, Servicio Odontol\u00f3gico, Escuela de Comunicaci\u00f3n Social y Educaci\u00f3n F\u00edsica. Es decir, los edificios y zonas comunes que componen la zona sur del Campus, seg\u00fan la nueva nomenclatura. En ellas no habr\u00e1 actividades acad\u00e9micas ni administrativas.<\/p>\n<p>Igualmente, por da\u00f1os ocasionados por la onda explosiva en el sistema hidr\u00e1ulico de la Cafeter\u00eda Central, no habr\u00e1 servicio de restaurante. Los da\u00f1os est\u00e1n siendo actualmente reparados.<\/p>\n<p>Con el fin de finalizar los dos d\u00edas y medio de clases que faltan para terminar el semestre, el resto del campus desarrollar\u00e1 las actividades acad\u00e9micas normales.<\/p>\n<p>El personal administrativo trabajar\u00e1 en jornada continua.<\/p>\n<p>Pedimos comprensi\u00f3n por las incomodidades que puedan ocasionar estas medidas que se toman para proteger la vida e integridad de la Comunidad Universitaria y de los usuarios del campus.<\/p>\n<p><strong>VICERRECTOR\u00cdAS ACAD\u00c9MICA Y ADMINISTRATIVA.\u00a0<\/strong><br \/>\n<strong>Cali, 7 de abril de 2019<\/strong><\/p>\n","protected":false},"excerpt":{"rendered":"<p>En seguimiento a las instrucciones dadas por el Consejo Superior, sobre la reanudaci\u00f3n de las actividades acad\u00e9micas y administrativas en la Ciudad Universitaria de Mel\u00e9ndez, las Vicerrector\u00edas Acad\u00e9mica y Administrativa precisan a la Comunidad Universitaria y a la ciudadan\u00eda las medidas de restricci\u00f3n de acceso que se tomar\u00e1n durante el[&#8230;]<\/p>\n","protected":false},"author":1,"featured_media":20995,"comment_status":"open","ping_status":"open","sticky":false,"template":"","format":"standard","meta":{"footnotes":""},"categories":[4],"tags":[],"_links":{"self":[{"href":"https:\/\/emisora.univalle.edu.co\/index.php\/wp-json\/wp\/v2\/posts\/20994"}],"collection":[{"href":"https:\/\/emisora.univalle.edu.co\/index.php\/wp-json\/wp\/v2\/posts"}],"about":[{"href":"https:\/\/emisora.univalle.edu.co\/index.php\/wp-json\/wp\/v2\/types\/post"}],"author":[{"embeddable":true,"href":"https:\/\/emisora.univalle.edu.co\/index.php\/wp-json\/wp\/v2\/users\/1"}],"replies":[{"embeddable":true,"href":"https:\/\/emisora.univalle.edu.co\/index.php\/wp-json\/wp\/v2\/comments?post=20994"}],"version-history":[{"count":1,"href":"https:\/\/emisora.univalle.edu.co\/index.php\/wp-json\/wp\/v2\/posts\/20994\/revisions"}],"predecessor-version":[{"id":20996,"href":"https:\/\/emisora.univalle.edu.co\/index.php\/wp-json\/wp\/v2\/posts\/20994\/revisions\/20996"}],"wp:featuredmedia":[{"embeddable":true,"href":"https:\/\/emisora.univalle.edu.co\/index.php\/wp-json\/wp\/v2\/media\/20995"}],"wp:attachment":[{"href":"https:\/\/emisora.univalle.edu.co\/index.php\/wp-json\/wp\/v2\/media?parent=20994"}],"wp:term":[{"taxonomy":"category","embeddable":true,"href":"https:\/\/emisora.univalle.edu.co\/index.php\/wp-json\/wp\/v2\/categories?post=20994"},{"taxonomy":"post_tag","embeddable":true,"href":"https:\/\/emisora.univalle.edu.co\/index.php\/wp-json\/wp\/v2\/tags?post=20994"}],"curies":[{"name":"wp","href":"https:\/\/api.w.org\/{rel}","templated":true}]}}