{"id":20997,"date":"2019-04-08T14:12:36","date_gmt":"2019-04-08T19:12:36","guid":{"rendered":"https:\/\/emisora.univalle.edu.co\/?p=20997"},"modified":"2019-04-08T14:12:36","modified_gmt":"2019-04-08T19:12:36","slug":"la-universidad-publica-un-espacio-para-la-paz","status":"publish","type":"post","link":"https:\/\/emisora.univalle.edu.co\/index.php\/la-universidad-publica-un-espacio-para-la-paz\/","title":{"rendered":"La universidad p\u00fablica, un espacio para la paz"},"content":{"rendered":"<h6>Tomado de<a href=\"https:\/\/www.elnuevosiglo.com.co\/articulos\/04-2019-la-universidad-publica-un-espacio-para-la-paz\">\u00a0El Nuevo Siglo<\/a><\/h6>\n<h6>La violencia sigue presente en varias universidades p\u00fablicas e incluso se ha normalizado. Se urgen acciones que surjan dentro de las casas de estudio y de la academia para romper el c\u00edrculo de violencia y convertirlas en laboratorios de paz<\/h6>\n<h6><strong><span lang=\"ES-CO\" xml:lang=\"ES-CO\">LAS AGITADAS\u00a0<\/span><\/strong><span lang=\"ES-CO\" xml:lang=\"ES-CO\">tensiones en el sur del pa\u00eds por motivos de los bloqueos a la v\u00eda Panamericana y a las protestas de los ind\u00edgenas se trasladaron a las aulas. El pasado mi\u00e9rcoles fuertes disturbios llevaron a la muerte a una persona y a varios heridos dentro de la Universidad del Valle.<\/span><\/h6>\n<p><span lang=\"ES-CO\" xml:lang=\"ES-CO\">La situaci\u00f3n no es nueva, desde la d\u00e9cada de los 60 las universidades p\u00fablicas han sido el escenario de protestas violentas. En ese contexto ten\u00edan una validez, la represi\u00f3n que llevaron en varios pa\u00edses los gobiernos militares y los escasos espacios de participaci\u00f3n pol\u00edtica o de garant\u00edas democr\u00e1ticas. En Colombia los gobiernos de Frente Nacional limitaron la participaci\u00f3n pol\u00edtica, algunos fueron represivos y todos aliados de Estados Unidos en el contexto de la Guerra Fr\u00eda. Las universidades se volvieron el espacio del sentir del inconformismo, de la esperanza de un cambio y el acceso a las libertades pol\u00edticas.<\/span><\/p>\n<p><span lang=\"ES-CO\" xml:lang=\"ES-CO\">Llegaron los 90, en el mundo la ca\u00edda del comunismo y el fin de la Guerra Fr\u00eda trajeron un cambio en la regi\u00f3n. La desmovilizaci\u00f3n de los grupos armados insurgentes y el acceso a la participaci\u00f3n pol\u00edtica. Sin embargo, las estructuras de protesta en las universidades p\u00fablicas de Colombia no cambiaron. Se quedaron en la Guerra Fr\u00eda. El que se ha denominado de una forma casi permisiva el \u201ctropel\u201d continu\u00f3.<\/span><\/p>\n<p><span lang=\"ES-CO\" xml:lang=\"ES-CO\">Se van a cumplir 30 a\u00f1os de la ca\u00edda del Muro de Berl\u00edn, el principal s\u00edmbolo del fin de la Guerra Fr\u00eda, y de forma recurrente y por cualquier motivo, cada mes, o m\u00e1s seguido y casi siempre los jueves en algunas universidades p\u00fablicas, salen encapuchados a estallar elementos incendiarios, a quemar mobiliario urbano, a paralizar las v\u00edas y como ha ocurrido en los \u00faltimos tres a\u00f1os con saldos mortales de estudiantes o agitadores que ingresan a las universidades a provocar el caos.<\/span><\/p>\n<p><span lang=\"ES-CO\" xml:lang=\"ES-CO\">Tienen raz\u00f3n la mayor\u00eda de estudiantes cuando afirman que las universidades p\u00fablicas son solo noticia cuando ocurren estos hechos, que poco se habla de sus aportes al desarrollo del pa\u00eds, a la calidad, y que la mayor\u00eda s\u00ed llegan a formarse y buscan transformar su entorno, su sociedad. Pero tambi\u00e9n unos pocos agitadores, violentos, que se mantienen en el anonimato, controlan poder pol\u00edtico al interior de varias universidades, y es una contradicci\u00f3n que la violencia, las armas y la amenaza, sean pr\u00e1cticas aceptadas en claustros y centros educativos.<\/span><\/p>\n<p><span lang=\"ES-CO\" xml:lang=\"ES-CO\">Se debe trabajar desde los cuadros directivos, los l\u00edderes estudiantiles y la comunidad educativa en general en erradicar la violencia y el vandalismo de las universidades. Enfrentarlo, denunciarlo, promover formas inteligentes de movilizaci\u00f3n, de protesta, de accionar pol\u00edtico. Hay que trabajar porque\u00a0 la imagen de la universidad p\u00fablica sea distinta a la de la violencia, la radicalizaci\u00f3n o la ausencia de diversidad pol\u00edtica y de ideas. El debate en el que han estado varios rectores de universidades la semana pasada, indica que autonom\u00eda universitaria no es igual a extraterritorialidad.<\/span><\/p>\n<p><span lang=\"ES-CO\" xml:lang=\"ES-CO\">Tampoco se puede permitir que personas que no pertenecen a las universidades, ingresen a ellas a expender drogar, a elaborar materiales explosivos, a conformar mafias y redes de extorsi\u00f3n, eso tiene que cambiar. Es un camino largo, porque en 30 a\u00f1os poco se ha avanzado, pero cada tragedia como la que ocurri\u00f3 el mi\u00e9rcoles en la Universidad del Valle o hace dos a\u00f1os en la Universidad Pedag\u00f3gica, son la oportunidad para reflexionar al respecto y plantear alternativas diferentes a la violencia como mecanismo de movilizaci\u00f3n.<\/span><\/p>\n<p>&nbsp;<\/p>\n<p><strong><em><span lang=\"ES-CO\" xml:lang=\"ES-CO\">@hurtadobeltran<\/span>\u00a0<\/em><\/strong><strong><em><span lang=\"ES-CO\" xml:lang=\"ES-CO\">*Especialista en educaci\u00f3n.\u00a0<\/span><\/em><\/strong><em><strong><span lang=\"ES-CO\" xml:lang=\"ES-CO\">El contenido de este art\u00edculo es responsabilidad exclusiva del autor.<\/span><\/strong><\/em><\/p>\n","protected":false},"excerpt":{"rendered":"<p>Tomado de\u00a0El Nuevo Siglo La violencia sigue presente en varias universidades p\u00fablicas e incluso se ha normalizado. Se urgen acciones que surjan dentro de las casas de estudio y de la academia para romper el c\u00edrculo de violencia y convertirlas en laboratorios de paz LAS AGITADAS\u00a0tensiones en el sur del[&#8230;]<\/p>\n","protected":false},"author":1,"featured_media":20998,"comment_status":"open","ping_status":"open","sticky":false,"template":"","format":"standard","meta":{"footnotes":""},"categories":[4],"tags":[],"_links":{"self":[{"href":"https:\/\/emisora.univalle.edu.co\/index.php\/wp-json\/wp\/v2\/posts\/20997"}],"collection":[{"href":"https:\/\/emisora.univalle.edu.co\/index.php\/wp-json\/wp\/v2\/posts"}],"about":[{"href":"https:\/\/emisora.univalle.edu.co\/index.php\/wp-json\/wp\/v2\/types\/post"}],"author":[{"embeddable":true,"href":"https:\/\/emisora.univalle.edu.co\/index.php\/wp-json\/wp\/v2\/users\/1"}],"replies":[{"embeddable":true,"href":"https:\/\/emisora.univalle.edu.co\/index.php\/wp-json\/wp\/v2\/comments?post=20997"}],"version-history":[{"count":1,"href":"https:\/\/emisora.univalle.edu.co\/index.php\/wp-json\/wp\/v2\/posts\/20997\/revisions"}],"predecessor-version":[{"id":20999,"href":"https:\/\/emisora.univalle.edu.co\/index.php\/wp-json\/wp\/v2\/posts\/20997\/revisions\/20999"}],"wp:featuredmedia":[{"embeddable":true,"href":"https:\/\/emisora.univalle.edu.co\/index.php\/wp-json\/wp\/v2\/media\/20998"}],"wp:attachment":[{"href":"https:\/\/emisora.univalle.edu.co\/index.php\/wp-json\/wp\/v2\/media?parent=20997"}],"wp:term":[{"taxonomy":"category","embeddable":true,"href":"https:\/\/emisora.univalle.edu.co\/index.php\/wp-json\/wp\/v2\/categories?post=20997"},{"taxonomy":"post_tag","embeddable":true,"href":"https:\/\/emisora.univalle.edu.co\/index.php\/wp-json\/wp\/v2\/tags?post=20997"}],"curies":[{"name":"wp","href":"https:\/\/api.w.org\/{rel}","templated":true}]}}