{"id":21000,"date":"2019-04-08T14:13:32","date_gmt":"2019-04-08T19:13:32","guid":{"rendered":"https:\/\/emisora.univalle.edu.co\/?p=21000"},"modified":"2019-04-08T14:13:32","modified_gmt":"2019-04-08T19:13:32","slug":"foro-de-liderazgo-transformacional-en-el-valle-del-cauca","status":"publish","type":"post","link":"https:\/\/emisora.univalle.edu.co\/index.php\/foro-de-liderazgo-transformacional-en-el-valle-del-cauca\/","title":{"rendered":"Foro de Liderazgo Transformacional en el Valle del Cauca"},"content":{"rendered":"<p>Agencia de Noticias UnivalleLa Facultad de Ciencias de la Administraci\u00f3n de la Universidad del Valle invita al Foro Liderazgo Transformacional en el Valle del Cauca, que se realizar\u00e1 este mi\u00e9rcoles 10 de abril, desde las 6:00 p.m., en el Auditorio Diego Israel Delgadillo del Campus de San Fernando.<\/p>\n<p>El encuentro contar\u00e1 con la participaci\u00f3n de cuatro reconocidos empresarios que han generado impacto positivo en el Valle del Cauca, a trav\u00e9s de su experiencia como l\u00edderes transformacionales:<\/p>\n<p>Viviane Armitage Tello, Gerente de Negocios de Sider\u00fargica del Occidente, l\u00edder en proyectos de inclusi\u00f3n social, Economista de la universidad de los Andes, MSc en Sociolog\u00eda de London School of Economics, con EMBA de ESCP (\u00e9cole sup\u00e9rieur de commerce de Paris).<\/p>\n<p>Luis Alfonso Mondrag\u00f3n, Director m\u00e9dico cient\u00edfico de la Cl\u00ednica de la Visi\u00f3n del Valle, gerente y fundador, l\u00edder en procesos humanistas, M\u00e9dico cirujano de la Universidad del Cauca, Especialista en Oftalmolog\u00eda Universidad de Sevilla, Espa\u00f1a.<\/p>\n<p>Luis Alfredo Pay\u00e1n Canizales, Gerente log\u00edstico de Fanalca S.A., l\u00edder empresarial en crecimiento, con amplia experiencia en el \u00e1rea industrial y comercial, Ingeniero Industrial de la Universidad del Valle Mag\u00edster en Ingenier\u00eda Industrial de la Universidad del Valle.<\/p>\n<p>Jaime Miller, Gerente general de Zonam\u00e9rica Colombia, l\u00edder generador de empleo y desarrollo, Contador P\u00fablico de la Universidad de la Rep\u00fablica en Uruguay, MBA en Direcci\u00f3n y Administraci\u00f3n de Empresas de la Universidad de Montevideo.<\/p>\n<p>Los principales temas de debate ser\u00e1n la innovaci\u00f3n, motivaci\u00f3n y gesti\u00f3n creativa, en el papel de estos empresarios como l\u00edderes vallecaucanos.<\/p>\n<p>El foro es una iniciativa que se desarrolla en el marco del Curso de Liderazgo Empresarial, adscrito al programa Acad\u00e9mico de Administraci\u00f3n de empresas, dirigido por el profesor Andr\u00e9s Ramiro Azuero, director de la Maestr\u00eda en Administraci\u00f3n de la Universidad del Valle y es organizado en su totalidad por los estudiantes.<\/p>\n<p>El programa acad\u00e9mico de Administraci\u00f3n de Empresas de la Universidad del Valle y el \u00e1rea Acad\u00e9mica de Gesti\u00f3n Humana contempla en su desarrollo la incorporaci\u00f3n de experiencias, vivencias y evoluci\u00f3n de empresarios y gerentes de la regi\u00f3n y sus organizaciones como elemento motivador para que los estudiantes apliquen a sus proyectos laborales y de vida, no solo el conocimiento te\u00f3rico, sino tambi\u00e9n la experiencia pr\u00e1ctica y aplicada de las empresas y sus directivos.<\/p>\n<p>La entrada al evento es libre con previa inscripci\u00f3n:\u00a0https:\/\/goo.gl\/2Mes9i<\/p>\n","protected":false},"excerpt":{"rendered":"<p>Agencia de Noticias UnivalleLa Facultad de Ciencias de la Administraci\u00f3n de la Universidad del Valle invita al Foro Liderazgo Transformacional en el Valle del Cauca, que se realizar\u00e1 este mi\u00e9rcoles 10 de abril, desde las 6:00 p.m., en el Auditorio Diego Israel Delgadillo del Campus de San Fernando. El encuentro[&#8230;]<\/p>\n","protected":false},"author":1,"featured_media":21001,"comment_status":"open","ping_status":"open","sticky":false,"template":"","format":"standard","meta":{"footnotes":""},"categories":[4],"tags":[],"_links":{"self":[{"href":"https:\/\/emisora.univalle.edu.co\/index.php\/wp-json\/wp\/v2\/posts\/21000"}],"collection":[{"href":"https:\/\/emisora.univalle.edu.co\/index.php\/wp-json\/wp\/v2\/posts"}],"about":[{"href":"https:\/\/emisora.univalle.edu.co\/index.php\/wp-json\/wp\/v2\/types\/post"}],"author":[{"embeddable":true,"href":"https:\/\/emisora.univalle.edu.co\/index.php\/wp-json\/wp\/v2\/users\/1"}],"replies":[{"embeddable":true,"href":"https:\/\/emisora.univalle.edu.co\/index.php\/wp-json\/wp\/v2\/comments?post=21000"}],"version-history":[{"count":1,"href":"https:\/\/emisora.univalle.edu.co\/index.php\/wp-json\/wp\/v2\/posts\/21000\/revisions"}],"predecessor-version":[{"id":21002,"href":"https:\/\/emisora.univalle.edu.co\/index.php\/wp-json\/wp\/v2\/posts\/21000\/revisions\/21002"}],"wp:featuredmedia":[{"embeddable":true,"href":"https:\/\/emisora.univalle.edu.co\/index.php\/wp-json\/wp\/v2\/media\/21001"}],"wp:attachment":[{"href":"https:\/\/emisora.univalle.edu.co\/index.php\/wp-json\/wp\/v2\/media?parent=21000"}],"wp:term":[{"taxonomy":"category","embeddable":true,"href":"https:\/\/emisora.univalle.edu.co\/index.php\/wp-json\/wp\/v2\/categories?post=21000"},{"taxonomy":"post_tag","embeddable":true,"href":"https:\/\/emisora.univalle.edu.co\/index.php\/wp-json\/wp\/v2\/tags?post=21000"}],"curies":[{"name":"wp","href":"https:\/\/api.w.org\/{rel}","templated":true}]}}