{"id":21003,"date":"2019-04-08T14:14:42","date_gmt":"2019-04-08T19:14:42","guid":{"rendered":"https:\/\/emisora.univalle.edu.co\/?p=21003"},"modified":"2019-04-08T14:14:42","modified_gmt":"2019-04-08T19:14:42","slug":"comunidades-afro-realizaran-homenaje-a-univalle","status":"publish","type":"post","link":"https:\/\/emisora.univalle.edu.co\/index.php\/comunidades-afro-realizaran-homenaje-a-univalle\/","title":{"rendered":"Comunidades afro realizar\u00e1n homenaje a Univalle"},"content":{"rendered":"<p><span class=\"authorPost\">Agencia de Noticias Univalle<\/span><\/p>\n<div class=\"itemFullText\">\n<p>Por la implementaci\u00f3n de acciones afirmativas para las comunidades afrodescendientes, la Federaci\u00f3n de Consejos Comunitarios del Valle y Otras Organizaciones de Colombia &#8211; FECCOVA, la organizaci\u00f3n CADHUBEV Benkos Vive y Expresiones Organizativas de Comunidades Negras realizar\u00e1n un homenaje a la Universidad del Valle.<\/p>\n<p>Este homenaje se realizar\u00e1 en el Hotel Spiwakm este martes 9 de abril, a las 2:30 p.m., en el Sal\u00f3n Las Estrellas del Hotel Spiwak.<\/p>\n<p>Durante el acto, la Asociaci\u00f3n de egresados de las comunidades negras dar\u00e1 a conocer los antecedentes de acciones afirmativas para comunidades negras, as\u00ed como se expondr\u00e1 el papel de la Oficina de Asuntos \u00c9tnicos de Univalle.<\/p>\n<\/div>\n","protected":false},"excerpt":{"rendered":"<p>Agencia de Noticias Univalle Por la implementaci\u00f3n de acciones afirmativas para las comunidades afrodescendientes, la Federaci\u00f3n de Consejos Comunitarios del Valle y Otras Organizaciones de Colombia &#8211; FECCOVA, la organizaci\u00f3n CADHUBEV Benkos Vive y Expresiones Organizativas de Comunidades Negras realizar\u00e1n un homenaje a la Universidad del Valle. Este homenaje se[&#8230;]<\/p>\n","protected":false},"author":1,"featured_media":21004,"comment_status":"open","ping_status":"open","sticky":false,"template":"","format":"standard","meta":{"footnotes":""},"categories":[4],"tags":[],"_links":{"self":[{"href":"https:\/\/emisora.univalle.edu.co\/index.php\/wp-json\/wp\/v2\/posts\/21003"}],"collection":[{"href":"https:\/\/emisora.univalle.edu.co\/index.php\/wp-json\/wp\/v2\/posts"}],"about":[{"href":"https:\/\/emisora.univalle.edu.co\/index.php\/wp-json\/wp\/v2\/types\/post"}],"author":[{"embeddable":true,"href":"https:\/\/emisora.univalle.edu.co\/index.php\/wp-json\/wp\/v2\/users\/1"}],"replies":[{"embeddable":true,"href":"https:\/\/emisora.univalle.edu.co\/index.php\/wp-json\/wp\/v2\/comments?post=21003"}],"version-history":[{"count":1,"href":"https:\/\/emisora.univalle.edu.co\/index.php\/wp-json\/wp\/v2\/posts\/21003\/revisions"}],"predecessor-version":[{"id":21005,"href":"https:\/\/emisora.univalle.edu.co\/index.php\/wp-json\/wp\/v2\/posts\/21003\/revisions\/21005"}],"wp:featuredmedia":[{"embeddable":true,"href":"https:\/\/emisora.univalle.edu.co\/index.php\/wp-json\/wp\/v2\/media\/21004"}],"wp:attachment":[{"href":"https:\/\/emisora.univalle.edu.co\/index.php\/wp-json\/wp\/v2\/media?parent=21003"}],"wp:term":[{"taxonomy":"category","embeddable":true,"href":"https:\/\/emisora.univalle.edu.co\/index.php\/wp-json\/wp\/v2\/categories?post=21003"},{"taxonomy":"post_tag","embeddable":true,"href":"https:\/\/emisora.univalle.edu.co\/index.php\/wp-json\/wp\/v2\/tags?post=21003"}],"curies":[{"name":"wp","href":"https:\/\/api.w.org\/{rel}","templated":true}]}}