{"id":21013,"date":"2019-04-11T17:14:31","date_gmt":"2019-04-11T22:14:31","guid":{"rendered":"https:\/\/emisora.univalle.edu.co\/?p=21013"},"modified":"2019-04-11T17:14:31","modified_gmt":"2019-04-11T22:14:31","slug":"univalle-territorio-de-vida-dialogo-y-paz","status":"publish","type":"post","link":"https:\/\/emisora.univalle.edu.co\/index.php\/univalle-territorio-de-vida-dialogo-y-paz\/","title":{"rendered":"UNIVALLE: Territorio de vida, di\u00e1logo y paz"},"content":{"rendered":"<p><span class=\"authorPost\">Agencia de Noticias Univalle<\/span><\/p>\n<div class=\"itemFullText\">\n<p>COMUNICADO DEL MOVIMIENTO BLANCO<\/p>\n<p>UNIVALLE es la casa de miles de j\u00f3venes que llegan diariamente con sus caras de alegr\u00eda, con sue\u00f1os y expectativas, a aprender y a labrarse un futuro que junto con sus familias imaginan con la ilusi\u00f3n y la esperanza de otros mundos posibles. Es tambi\u00e9n la casa de los directivos, profesores, empleados y trabajadores. En ella pasamos gran parte de nuestra existencia. Un lugar privilegiado, donde hacemos amigos e intercambios y a menudo disentimos; pero a pesar de todo, quienes ya llevamos varios o muchos a\u00f1os aqu\u00ed sentimos hilos de familiaridad y afecto. Y es a estas cualidades, que hacen posible la convivencia en medio de la pluralidad y diversidad del pensamiento y la acci\u00f3n razonable, a lo que no queremos renunciar. Porque hacerlo es justamente negar la Universidad como conciencia reflexiva y cr\u00edtica, constructora de la sociedad y forjadora de humanidad.<\/p>\n<p>La Universidad P\u00fablica siempre ha reprochado la inequidad y la injusticia en la sociedad colombiana, y prepara a sus estudiantes con los conocimientos y capacidades requeridos para el an\u00e1lisis y la soluci\u00f3n de problemas en nuestras ciudades o poblaciones, en el pa\u00eds y el mundo, seg\u00fan el \u00e1mbito laboral donde los egresados se desempe\u00f1en.<\/p>\n<p>UNIVALLE abre sus puertas cada semestre a estudiantes de diversos sectores, especialmente los de clases populares y clases medias, quienes no hubieran podido aprender una profesi\u00f3n que les permita llevar una vida digna y aportar a la sociedad desde su nuevo rol, de no ser por el acceso a esta instituci\u00f3n sostenida con dineros p\u00fablicos. Necesitamos mantener nuestra casa abierta, ofreciendo las mejores condiciones acad\u00e9micas y de bienestar a los j\u00f3venes que en Univalle desarrollan sus talentos cada semestre. Nos alienta cada d\u00eda el ideal de seguir consolidando esta instituci\u00f3n educadora, cuya misi\u00f3n es contribuir al bien com\u00fan, al inter\u00e9s general, prioriz\u00e1ndolo sobre el inter\u00e9s privado. Nos emociona y enaltece responder a la aspiraci\u00f3n de muchas familias del suroccidente de Colombia, quienes desean que sus hijos o nietos estudien en Univalle porque saben que es una de las mejores universidades del pa\u00eds.<\/p>\n<p>Asociada con la confrontaci\u00f3n social y pol\u00edtica por la que atraviesa el pa\u00eds y el pulso entre los que defienden la paz privilegiando la vida, y los que desean la guerra, nuestra Universidad podr\u00eda terminar convertida en un campo de batalla donde se imponga el uso de la violencia como una forma de la protesta con la terrible p\u00e9rdida de vidas humanas y lesiones irreparables, como aconteci\u00f3 el 3 de abril; o con la afectaci\u00f3n f\u00edsica a profesores y empleados, como result\u00f3 el 14 de marzo.<\/p>\n<p>La Universidad del Valle, nuestro h\u00e1bitat, no puede convertirse en un campo de guerra. No puede continuar siendo destrozada por los violentos ni por agendas particulares de ciertos grupos pol\u00edticos o ideol\u00f3gicos que van en contra de la Misi\u00f3n de nuestra instituci\u00f3n. Tenemos que reconstruirla como un lugar donde todos queramos y podamos estar, como un campo de paz, de acuerdo con su ethos universitario. Por las razones mencionadas y porque la vida de cada uno de nosotros -estudiante, trabajador, empleado, profesor y directivo- es sagrada, pregunt\u00e9monos: \u00bfQu\u00e9 podemos hacer para que Univalle sea un territorio de paz? \u00bfCu\u00e1les valores nos representan? \u00bfQu\u00e9 reivindicaciones pol\u00edticas se han logrado con el tropel?<\/p>\n<p>Busquemos las v\u00edas de reclamaci\u00f3n ante los graves problemas sociales de Colombia, pero unidos en la acci\u00f3n pol\u00edtica sin violencia. En el contexto del proceso de paz colombiano, no podemos hacerles el juego a los violentos.<\/p>\n<p>&nbsp;<\/p>\n<p><strong>Cali, Abril 11 de 2019<\/strong><\/p>\n<\/div>\n","protected":false},"excerpt":{"rendered":"<p>Agencia de Noticias Univalle COMUNICADO DEL MOVIMIENTO BLANCO UNIVALLE es la casa de miles de j\u00f3venes que llegan diariamente con sus caras de alegr\u00eda, con sue\u00f1os y expectativas, a aprender y a labrarse un futuro que junto con sus familias imaginan con la ilusi\u00f3n y la esperanza de otros mundos[&#8230;]<\/p>\n","protected":false},"author":1,"featured_media":21014,"comment_status":"open","ping_status":"open","sticky":false,"template":"","format":"standard","meta":{"footnotes":""},"categories":[4],"tags":[],"_links":{"self":[{"href":"https:\/\/emisora.univalle.edu.co\/index.php\/wp-json\/wp\/v2\/posts\/21013"}],"collection":[{"href":"https:\/\/emisora.univalle.edu.co\/index.php\/wp-json\/wp\/v2\/posts"}],"about":[{"href":"https:\/\/emisora.univalle.edu.co\/index.php\/wp-json\/wp\/v2\/types\/post"}],"author":[{"embeddable":true,"href":"https:\/\/emisora.univalle.edu.co\/index.php\/wp-json\/wp\/v2\/users\/1"}],"replies":[{"embeddable":true,"href":"https:\/\/emisora.univalle.edu.co\/index.php\/wp-json\/wp\/v2\/comments?post=21013"}],"version-history":[{"count":1,"href":"https:\/\/emisora.univalle.edu.co\/index.php\/wp-json\/wp\/v2\/posts\/21013\/revisions"}],"predecessor-version":[{"id":21015,"href":"https:\/\/emisora.univalle.edu.co\/index.php\/wp-json\/wp\/v2\/posts\/21013\/revisions\/21015"}],"wp:featuredmedia":[{"embeddable":true,"href":"https:\/\/emisora.univalle.edu.co\/index.php\/wp-json\/wp\/v2\/media\/21014"}],"wp:attachment":[{"href":"https:\/\/emisora.univalle.edu.co\/index.php\/wp-json\/wp\/v2\/media?parent=21013"}],"wp:term":[{"taxonomy":"category","embeddable":true,"href":"https:\/\/emisora.univalle.edu.co\/index.php\/wp-json\/wp\/v2\/categories?post=21013"},{"taxonomy":"post_tag","embeddable":true,"href":"https:\/\/emisora.univalle.edu.co\/index.php\/wp-json\/wp\/v2\/tags?post=21013"}],"curies":[{"name":"wp","href":"https:\/\/api.w.org\/{rel}","templated":true}]}}