{"id":21016,"date":"2019-04-11T17:16:11","date_gmt":"2019-04-11T22:16:11","guid":{"rendered":"https:\/\/emisora.univalle.edu.co\/?p=21016"},"modified":"2019-04-11T17:16:11","modified_gmt":"2019-04-11T22:16:11","slug":"organizaciones-afro-rinden-homenaje-a-univalle","status":"publish","type":"post","link":"https:\/\/emisora.univalle.edu.co\/index.php\/organizaciones-afro-rinden-homenaje-a-univalle\/","title":{"rendered":"Organizaciones afro rinden homenaje a Univalle"},"content":{"rendered":"<p><span class=\"authorPost\">Agencia de Noticias Univalle<\/span><\/p>\n<div class=\"itemFullText\">\n<p>Egresados de Univalle, representantes y l\u00edderes de las comunidades afrocolombianas rindieron un homenaje a la Universidad del Valle este martes 9 de abril, en un acto realizado en el Hotel Spiwak de Cali.<\/p>\n<p>En el acto se hizo reconocimiento a las acciones afirmativas que el Alma M\u00e1ter de los vallecaucanos ha promovido a favor de la inclusi\u00f3n y la educaci\u00f3n de las comunidades afrocolombianas.<\/p>\n<p>El homenaje congreg\u00f3 a cerca de 300 personas y fue organizado por la Federaci\u00f3n de Consejos Comunitarios del Valle y Otras Organizaciones de Colombia &#8211; FECCOVA, la organizaci\u00f3n CADHUBEV Benkos Vive y Expresiones Organizativas de Comunidades Negras.<\/p>\n<p>El evento fue presidido por la gobernadora del Valle del Cauca, Dilian Francisca Toro Torres; el rector de la Universidad del Valle Edgar Varela Barrios; el presidente de la Asociaci\u00f3n de Egresados Afrocolombianos de Univalle, \u00d3scar Lenis y el presidente de FECCOVA Jos\u00e9 Anselmo Pretel.<\/p>\n<p><img loading=\"lazy\" decoding=\"async\" class=\"aligncenter\" src=\"http:\/\/drive.google.com\/uc?export=view&amp;id=1KKYZ-bHa8VVICDS0jK10bN7SFqWdAHNL\" alt=\"\" width=\"522\" height=\"349\" \/><\/p>\n<p>De acuerdo con Oscar Lenis, entre 2003 y 2019 aproximadamente 1.400 estudiantes afro han ingresado a la instituci\u00f3n como parte de los programas de inclusi\u00f3n y de acciones afirmativas establecidas por la instituci\u00f3n para lograr el v\u00ednculo y el bienestar de este sector de la poblaci\u00f3n con Univalle.<\/p>\n<p>Seg\u00fan el ingeniero Lenis, Univalle es la instituci\u00f3n colombiana que ha aplicado la mayor cantidad de acciones afirmativas para lograr el v\u00ednculo y los procesos de bienestar de los estudiantes afro en este centro acad\u00e9mico.<\/p>\n<p>El rector Edgar Varela Barrios dijo durante su intervenci\u00f3n que para la Universidad del Valle representa un orgullo ser una instituci\u00f3n pionera en la pol\u00edtica de inclusi\u00f3n y afirmaci\u00f3n positiva, aunque todav\u00eda, dijo, hay un camino largo por recorrer. Agradeci\u00f3 el reconocimiento por parte de organizaciones como la Federaci\u00f3n de Consejos Comunitarios y CADHUBEV, una de las m\u00e1s antiguas de su tipo en el pa\u00eds, las cuales representan a miles de familias pertenecientes a las comunidades afrocolombianas.<\/p>\n<p>\u201cEste reconocimiento es muy significativo. No es para m\u00ed como persona, sino para la Universidad porque Univalle fue la primera instituci\u00f3n que implement\u00f3 de manera amplia el programa para admitir por cupos especiales a la poblaci\u00f3n afro y lograr que ingresaran a la universidad\u201d se\u00f1al\u00f3 el rector Varela.<\/p>\n<p>Expres\u00f3 que, tal como sucedi\u00f3 en su propia historia de vida, los j\u00f3venes afro que lograron realizar sus estudios en Univalle, pudieron hacerlo porque las universidades p\u00fablicas generan esta oportunidad y por ello, resalt\u00f3, todos nos debemos a lo p\u00fablico.<\/p>\n<p><img loading=\"lazy\" decoding=\"async\" class=\"aligncenter\" src=\"http:\/\/drive.google.com\/uc?export=view&amp;id=1y2FWkx39-FX4uh7IChCQkKkrU4ip_B2V\" alt=\"\" width=\"480\" height=\"332\" \/><\/p>\n<p>Por su parte, la Gobernadora del Valle del Cauca, Dilian Francisca Toro Torres anunci\u00f3 que promover\u00e1 la creaci\u00f3n del primer colegio p\u00fablico biling\u00fce en la ciudad de Buenaventura para lo cual contar\u00e1 con la experiencia de la Universidad del Valle en el componente de ense\u00f1anza de idiomas. Record\u00f3 que la Gobernaci\u00f3n ha realizado importantes esfuerzos econ\u00f3micos para lograr que en municipios como Buenaventura los j\u00f3venes aprovechen las oportunidades que ofrece la universidad p\u00fablica.<\/p>\n<p>El directivo recalc\u00f3 que Univalle ha redoblado esfuerzos y recursos en acuerdo con otros organismos para la implementaci\u00f3n de acciones afirmativas en el pa\u00eds, un esquema que otras instituciones p\u00fablicas de educaci\u00f3n superior han implementado tambi\u00e9n y propuso la creaci\u00f3n del programa de etnoeducaci\u00f3n en modalidad de pregrado<\/p>\n<p>Destac\u00f3 que gracias a estas medidas a la fecha hay un 10% de estudiantes que se autoreconocen como afro en Univalle, muchos de los cuales han ingresado por condiciones de excepci\u00f3n, en todos los programas acad\u00e9micos.<\/p>\n<p>Como est\u00e1 establecido en el reglamento de admisi\u00f3n a pregrado, podr\u00e1n presentarse como candidatos a esta condici\u00f3n de excepci\u00f3n de comunidades afrocolombianas, aquellos aspirantes que pertenezcan espec\u00edficamente a las Comunidades Negras descritas en el Art\u00edculo 2 y en el Art\u00edculo 45 de la Ley 70 del 27 de agosto de 1993, que se enmarcan en los siguientes grupos y que se encuentren debidamente registradas en el censo que elabora el Ministerio del Interior: Cuenca del Pac\u00edfico, r\u00edos de la Cuenca del Pac\u00edfico (de la Vertiente del Pac\u00edfico y de las Cuencas de los R\u00edos Atrato, Acand\u00ed y Tolo de la vertiente del Caribe), zonas rurales ribere\u00f1as, raizales de San Andr\u00e9s, Providencia y Santa Catalina y dem\u00e1s regiones con asentamientos afrodescendientes del resto del pa\u00eds.<\/p>\n<p>\u201cLos cupos que se otorgan bajo las condiciones de excepci\u00f3n son adicionales. Si un programa oferta 50 cupos, hay cuatro adicionales para esta poblaci\u00f3n. Quiero decir que en una reciente sesi\u00f3n del Consejo Superior decidimos ampliar al doble estos cupos. Esto quiere decir que el 8% de los cupos adicionales ser\u00e1n destinados para las comunidades afro\u201d explic\u00f3 el rector y anunci\u00f3 que de la mano con la Gobernaci\u00f3n del Valle del Cauca se har\u00e1n todos los esfuerzos para que los cupos sean aprovechados por los colegios p\u00fablicos del departamento, as\u00ed como los del Cauca y el Pac\u00edfico colombiano.<\/p>\n<p>Adem\u00e1s de la condici\u00f3n de excepci\u00f3n para comunidades afrocolombianas, la Universidad del Valle tienen contempladas otras condiciones: miembros de las comunidades ind\u00edgenas; aspirantes que han hecho parte de programas de reinserci\u00f3n; aspirantes con los m\u00e1s altos puntajes en el Examen de Estado de los colegios oficiales en los municipios del Departamento del Valle del Cauca; los m\u00e1s altos puntajes en el examen de Estado (nivel nacional y departamental); aspirantes admitidos en los dos periodos anteriores y que pidieron reserva de cupo; bachilleres provenientes de departamentos donde no existen sedes ni seccionales de instituciones de educaci\u00f3n superior; bachilleres que provengan de municipios de dif\u00edcil acceso o con problemas de orden p\u00fablico; y poblaci\u00f3n v\u00edctima del conflicto armado.<\/p>\n<p>En la actualidad, en la Universidad del Valle la reglamentaci\u00f3n para el ingreso a los programas acad\u00e9micos de pregrado bajo condiciones de excepci\u00f3n est\u00e1 regida por la Resoluci\u00f3n No. 093 del 19 de septiembre de 2018 del Consejo Acad\u00e9mico.<\/p>\n<p><img loading=\"lazy\" decoding=\"async\" class=\"aligncenter\" src=\"http:\/\/drive.google.com\/uc?export=view&amp;id=1d-P1v194iFQMkZVfsRtcKlJ7uJrbvQo6\" alt=\"\" width=\"597\" height=\"398\" \/><\/p>\n<p>Para la admisi\u00f3n por condiciones de excepci\u00f3n los aspirantes deben presentar documentos soporte para cada caso contemplado. La instituci\u00f3n realiza la verificaci\u00f3n de la informaci\u00f3n suministrada ante las instancias o entidades correspondientes. De encontrarse alguna inconsistencia, falsedad o adulteraci\u00f3n se proceder\u00e1 de acuerdo con lo establecido en el Reglamento de Inscripci\u00f3n y Admisi\u00f3n Vigente.<\/p>\n<p>\u201cGracias a estas acciones no solo hemos logrado que los estudiantes ingresen, sino que estamos trabajando en su permanencia, a trav\u00e9s del acompa\u00f1amiento. es un esquema que CADHUBEV dise\u00f1\u00f3 hace 16 a\u00f1os, que consiste en que otros pares, estudiantes afro de \u00faltimos semestres, sean asistentes y brinden apoyo a quienes est\u00e1n ingresando. Eso permite que no haya una ruptura cultural, sino que haya un apoyo entre pares, lo cual ha sido muy significativo\u201d enfatiz\u00f3 el rector Edgar Varela.<\/p>\n<p>El profesor Varela dijo que en este a\u00f1o se espera concretar el proyecto de construcci\u00f3n del centro deportivo universitario en la Sede Pac\u00edfico, as\u00ed como ampliar y modernizar su biblioteca.<\/p>\n<p>Como parte del acto, tambi\u00e9n recibieron reconocimiento la gobernadora Dilian Francisca Toro; el Consejo Superior y Acad\u00e9mico de la Universidad del Valle, as\u00ed como el representante estudiantil al Consejo Acad\u00e9mico Daniel Obando.<\/p>\n<p>El acto de reconocimiento y homenaje a la Universidad del Valle por la implementaci\u00f3n de acciones afirmativas para comunidades afrocolombianas fue ambientado con la m\u00fasica de cununos, marimbas y tambores interpretados por artistas de la regi\u00f3n con aires del Pac\u00edfico.<\/p>\n<p><img loading=\"lazy\" decoding=\"async\" class=\"aligncenter\" src=\"http:\/\/drive.google.com\/uc?export=view&amp;id=17VyKDlYfuhT06moFcxgXPNzibHnzGblW\" alt=\"\" width=\"442\" height=\"295\" \/><\/p>\n<\/div>\n","protected":false},"excerpt":{"rendered":"<p>Agencia de Noticias Univalle Egresados de Univalle, representantes y l\u00edderes de las comunidades afrocolombianas rindieron un homenaje a la Universidad del Valle este martes 9 de abril, en un acto realizado en el Hotel Spiwak de Cali. En el acto se hizo reconocimiento a las acciones afirmativas que el Alma[&#8230;]<\/p>\n","protected":false},"author":1,"featured_media":21017,"comment_status":"open","ping_status":"open","sticky":false,"template":"","format":"standard","meta":{"footnotes":""},"categories":[4],"tags":[],"_links":{"self":[{"href":"https:\/\/emisora.univalle.edu.co\/index.php\/wp-json\/wp\/v2\/posts\/21016"}],"collection":[{"href":"https:\/\/emisora.univalle.edu.co\/index.php\/wp-json\/wp\/v2\/posts"}],"about":[{"href":"https:\/\/emisora.univalle.edu.co\/index.php\/wp-json\/wp\/v2\/types\/post"}],"author":[{"embeddable":true,"href":"https:\/\/emisora.univalle.edu.co\/index.php\/wp-json\/wp\/v2\/users\/1"}],"replies":[{"embeddable":true,"href":"https:\/\/emisora.univalle.edu.co\/index.php\/wp-json\/wp\/v2\/comments?post=21016"}],"version-history":[{"count":1,"href":"https:\/\/emisora.univalle.edu.co\/index.php\/wp-json\/wp\/v2\/posts\/21016\/revisions"}],"predecessor-version":[{"id":21018,"href":"https:\/\/emisora.univalle.edu.co\/index.php\/wp-json\/wp\/v2\/posts\/21016\/revisions\/21018"}],"wp:featuredmedia":[{"embeddable":true,"href":"https:\/\/emisora.univalle.edu.co\/index.php\/wp-json\/wp\/v2\/media\/21017"}],"wp:attachment":[{"href":"https:\/\/emisora.univalle.edu.co\/index.php\/wp-json\/wp\/v2\/media?parent=21016"}],"wp:term":[{"taxonomy":"category","embeddable":true,"href":"https:\/\/emisora.univalle.edu.co\/index.php\/wp-json\/wp\/v2\/categories?post=21016"},{"taxonomy":"post_tag","embeddable":true,"href":"https:\/\/emisora.univalle.edu.co\/index.php\/wp-json\/wp\/v2\/tags?post=21016"}],"curies":[{"name":"wp","href":"https:\/\/api.w.org\/{rel}","templated":true}]}}