{"id":21019,"date":"2019-04-11T17:17:32","date_gmt":"2019-04-11T22:17:32","guid":{"rendered":"https:\/\/emisora.univalle.edu.co\/?p=21019"},"modified":"2019-04-11T17:17:32","modified_gmt":"2019-04-11T22:17:32","slug":"gobernacion-donara-casa-de-paso-indigena-a-la-universidad-del-valle","status":"publish","type":"post","link":"https:\/\/emisora.univalle.edu.co\/index.php\/gobernacion-donara-casa-de-paso-indigena-a-la-universidad-del-valle\/","title":{"rendered":"Gobernaci\u00f3n donar\u00e1 Casa de Paso Ind\u00edgena a la Universidad del Valle"},"content":{"rendered":"<p><span class=\"authorPost\">Agencia de Noticias Univalle<\/span><\/p>\n<div class=\"itemFullText\">\n<p>La donaci\u00f3n de la Casa de Paso ind\u00edgena para estudiantes de Univalle, por parte de la Gobernaci\u00f3n del Valle del Cauca y la expedici\u00f3n de pines gratuitos por parte de la Universidad, fueron anunciadas por el Consejo Superior en su sesi\u00f3n de abril de 2019, luego de escuchar las propuestas presentadas por el Cabildo Ind\u00edgena de la Universidad del Valle.<\/p>\n<p>Ante el Consejo Superior de la Universidad del Valle, los representantes del Cabildo Ind\u00edgena de Univalle presentaron un documento con propuestas para el mejoramiento del ingreso, permanencia, pertinencia de los estudiantes pertenecientes a comunidades ind\u00edgenas que son beneficiarios de la condici\u00f3n de excepci\u00f3n.<\/p>\n<p>La Gobernadora del Valle del Cauca, Dilian Francisca Toro Torres, anunci\u00f3 que donar\u00e1 la propiedad a Univalle, lo cual permitir\u00e1 al Alma M\u00e1ter destinar recursos y actuar de forma expedita en reformas y remodelaciones. El Rector Edgar Varela Barrios, dijo que se dar\u00e1 todo el apoyo acad\u00e9mico y administrativo a la c\u00e1tedra La Tulpa tejiendo Vida, como espacio para la integraci\u00f3n cultural abierto a toda la comunidad universitaria.<\/p>\n<p>El directivo se\u00f1al\u00f3 adem\u00e1s que la Direcci\u00f3n de Infraestructura Universitaria &#8211; DIU realizar\u00e1 adecuaciones y reparaciones en la Casa de Paso de los estudiantes que pertenecen al Cabildo Ind\u00edgena Universitario. \u201cEs un espacio que durante catorce a\u00f1os se ha utilizado para lo acad\u00e9mico, habitacional y cultural. Acoge a 25 estudiantes ind\u00edgenas de los Campus de Mel\u00e9ndez y San Fernando\u201d.<\/p>\n<p><img loading=\"lazy\" decoding=\"async\" class=\"aligncenter\" src=\"http:\/\/drive.google.com\/uc?export=view&amp;id=1VCZFeUMgyhw3zgovRl-bWrVsDyWzIzd-\" alt=\"\" width=\"570\" height=\"380\" \/><\/p>\n<p>Record\u00f3 que Univalle y los estudiantes ind\u00edgenas crearon en 2003 el primer cabildo universitario de Colombia y que, desde ese entonces, cientos de j\u00f3venes ind\u00edgenas de los departamentos de Nari\u00f1o, Cauca, Putumayo, han estudiado en la universidad y gozan de los beneficios de diversos programas de bienestar.<\/p>\n<p>La Gobernadora ind\u00edgena del Cabildo de Univalle, Carely Londo\u00f1o, explic\u00f3 que, durante su trayectoria, el Cabildo Ind\u00edgena de la Universidad del Valle -CIU- en su calidad de organizaci\u00f3n de ind\u00edgenas estudiantes provenientes de diferentes pueblos originarios del pa\u00eds, ha trabajado en aspectos de ingreso, permanencia, pertinencia de la educaci\u00f3n y retorno de los ind\u00edgenas estudiantes en la Universidad del Valle y ha aportado, desde su experiencia, a los dem\u00e1s Cabildos Ind\u00edgenas Universitarios del pa\u00eds. As\u00ed mismo, la gobernadora ind\u00edgena se\u00f1al\u00f3 que el CIU har\u00e1 seguimiento al cumplimiento de los acuerdos.<\/p>\n<p><img loading=\"lazy\" decoding=\"async\" class=\"aligncenter\" src=\"http:\/\/drive.google.com\/uc?export=view&amp;id=1AXwbEmttP-8ddS18J7WwEU-NDKqfVj6v\" alt=\"\" width=\"525\" height=\"350\" \/><\/p>\n<p>Para los pueblos originarios de los cuales proviene esta poblaci\u00f3n, representa un importante logro que sus integrantes obtengan un t\u00edtulo acad\u00e9mico para aportar en sus comunidades de base con los conocimientos adquiridos.<\/p>\n<p>Las organizaciones ind\u00edgenas presentes en la Universidad realizan una lucha de resistencia constante en un espacio diferente a sus territorios y que este trabajo colectivo y constante les ha permitido abrirse espacios pol\u00edticos y desarrollar proyectos culturales y sociales aportando tambi\u00e9n a la construcci\u00f3n de una Universidad diversa que reconozca los saberes de los pueblos ind\u00edgenas.<\/p>\n<p><strong>Detalles del plan de recuperaci\u00f3n de la Casa de Paso.<\/strong><\/p>\n<p>Ubicada en la parte alta del barrio Mel\u00e9ndez, la Casa de Paso cuenta con doce habitaciones, cocina, dos ba\u00f1os, sala de encuentro para adelantar reuniones y un patio donde reverdecen un pino joven y un tallo de pl\u00e1tano. Sin embargo, la casona carece de zonas de estudio iluminadas y requiere protecciones contra la lluvia y la humedad, presenta adem\u00e1s dificultades en el acceso y la dotaci\u00f3n tecnol\u00f3gica es pr\u00e1cticamente inexistente.<\/p>\n<p>El rector de la Universidad del Valle Edgar Varela Barrios adelant\u00f3 una visita al sitio en d\u00edas recientes, en compa\u00f1\u00eda de varios miembros del equipo directivo, para establecer las acciones para recuperar la edificaci\u00f3n que funciona desde 2005.<\/p>\n<p>Dentro de las adecuaciones contempladas se encuentran la ampliaci\u00f3n y traslado de la cocineta, la intervenci\u00f3n de los espacios habitacionales, el reemplazo de buena parte de la cubierta, la modificaci\u00f3n de un par de bodegas, el mantenimiento de la red el\u00e9ctrica y de iluminaci\u00f3n, entre otras modificaciones de tipo estructural.<\/p>\n<p>De igual manera, la Casa de Paso ser\u00e1 dotada con equipos tecnol\u00f3gicos y mobiliario requerido para adelantar las tareas acad\u00e9micas, enseres y electrodom\u00e9sticos.<\/p>\n<p>Para las comunidades ind\u00edgenas, la Universidad del Valle ofrece una condici\u00f3n de excepci\u00f3n para el ingreso a los programas acad\u00e9micos de pregrado. Esta pol\u00edtica de afirmaci\u00f3n positiva fue modificada y se gu\u00eda por la Resoluci\u00f3n No. 093 del 19 de septiembre de 2018 del Consejo Acad\u00e9mico.<\/p>\n<p><img loading=\"lazy\" decoding=\"async\" class=\"aligncenter\" src=\"http:\/\/drive.google.com\/uc?export=view&amp;id=1ukLnx_Rn-yqF6D9tWvZ1XN8gUD45jTUa\" alt=\"\" width=\"513\" height=\"342\" \/><\/p>\n<p>Como parte de las acciones de afirmaci\u00f3n positiva, la Universidad del Valle estableci\u00f3 una estrategia para que los estudiantes ind\u00edgenas cuenten con el acompa\u00f1amiento de pares que cursan semestres m\u00e1s avanzados.<\/p>\n<p>De forma frecuente, grupos de docentes y funcionarios de la Universidad del Valle visitan resguardos y comunidades ind\u00edgenas para generar v\u00ednculos que posibiliten el acceso de los j\u00f3venes ind\u00edgenas a la educaci\u00f3n superior.<\/p>\n<p>durante las visitas se orienta a los j\u00f3venes ind\u00edgenas bachilleres en el proceso de inscripci\u00f3n a la universidad, se promociona la oferta acad\u00e9mica y se socializan los requisitos para el ingreso a la Universidad del Valle.<\/p>\n<p>La condici\u00f3n de excepci\u00f3n ind\u00edgena cuenta con el 4% del acceso total de admitidos para estudiantes ind\u00edgenas; esto quiere decir que los estudiantes que ingresan por esta condici\u00f3n de excepci\u00f3n se les exonera del pago de su matr\u00edcula. Por cada carrera ingresan los dos estudiantes ind\u00edgenas que tengan mejores resultados en las pruebas Saber 11.<\/p>\n<p>E.J.P.<\/p>\n<\/div>\n","protected":false},"excerpt":{"rendered":"<p>Agencia de Noticias Univalle La donaci\u00f3n de la Casa de Paso ind\u00edgena para estudiantes de Univalle, por parte de la Gobernaci\u00f3n del Valle del Cauca y la expedici\u00f3n de pines gratuitos por parte de la Universidad, fueron anunciadas por el Consejo Superior en su sesi\u00f3n de abril de 2019, luego[&#8230;]<\/p>\n","protected":false},"author":1,"featured_media":21020,"comment_status":"open","ping_status":"open","sticky":false,"template":"","format":"standard","meta":{"footnotes":""},"categories":[4],"tags":[],"_links":{"self":[{"href":"https:\/\/emisora.univalle.edu.co\/index.php\/wp-json\/wp\/v2\/posts\/21019"}],"collection":[{"href":"https:\/\/emisora.univalle.edu.co\/index.php\/wp-json\/wp\/v2\/posts"}],"about":[{"href":"https:\/\/emisora.univalle.edu.co\/index.php\/wp-json\/wp\/v2\/types\/post"}],"author":[{"embeddable":true,"href":"https:\/\/emisora.univalle.edu.co\/index.php\/wp-json\/wp\/v2\/users\/1"}],"replies":[{"embeddable":true,"href":"https:\/\/emisora.univalle.edu.co\/index.php\/wp-json\/wp\/v2\/comments?post=21019"}],"version-history":[{"count":1,"href":"https:\/\/emisora.univalle.edu.co\/index.php\/wp-json\/wp\/v2\/posts\/21019\/revisions"}],"predecessor-version":[{"id":21021,"href":"https:\/\/emisora.univalle.edu.co\/index.php\/wp-json\/wp\/v2\/posts\/21019\/revisions\/21021"}],"wp:featuredmedia":[{"embeddable":true,"href":"https:\/\/emisora.univalle.edu.co\/index.php\/wp-json\/wp\/v2\/media\/21020"}],"wp:attachment":[{"href":"https:\/\/emisora.univalle.edu.co\/index.php\/wp-json\/wp\/v2\/media?parent=21019"}],"wp:term":[{"taxonomy":"category","embeddable":true,"href":"https:\/\/emisora.univalle.edu.co\/index.php\/wp-json\/wp\/v2\/categories?post=21019"},{"taxonomy":"post_tag","embeddable":true,"href":"https:\/\/emisora.univalle.edu.co\/index.php\/wp-json\/wp\/v2\/tags?post=21019"}],"curies":[{"name":"wp","href":"https:\/\/api.w.org\/{rel}","templated":true}]}}