{"id":21035,"date":"2019-04-25T14:57:35","date_gmt":"2019-04-25T19:57:35","guid":{"rendered":"https:\/\/emisora.univalle.edu.co\/?p=21035"},"modified":"2019-04-25T14:57:35","modified_gmt":"2019-04-25T19:57:35","slug":"homenaje-a-jesus-martin-barbero","status":"publish","type":"post","link":"https:\/\/emisora.univalle.edu.co\/index.php\/homenaje-a-jesus-martin-barbero\/","title":{"rendered":"Homenaje a Jes\u00fas Mart\u00edn Barbero"},"content":{"rendered":"<p><span class=\"authorPost\">Agencia de Noticias Univalle<\/span><\/p>\n<div class=\"itemFullText\">\n<p>Profesores de la Escuela de Comunicaci\u00f3n Social de la Universidad del Valle realizaron recientemente en Bogot\u00e1 un homenaje al catedr\u00e1tico y pensador Jes\u00fas Mart\u00edn Barbero, creador de esta unidad acad\u00e9mica.<\/p>\n<p>La invitaci\u00f3n al emotivo encuentro sintetiza lo que muchos, quiz\u00e1 todos los que han tenido la fortuna de escucharlo y conocerlo, quisieran decirle hoy: \u00abAl Maestro, colega y amigo, en agradecimiento por sus aportes invaluables a la Escuela de Comunicaci\u00f3n Social, a la Facultad de Artes Integradas, a la Universidad del Valle, a la sociedad entera, y su contribuci\u00f3n con el crecimiento intelectual y desarrollo personal de los docentes, estudiantes y funcionarios de la Escuela, de la que fue su fundador\u00bb.<\/p>\n<p>Jes\u00fas Mart\u00edn Barbero es el menor de seis hermanos, hijos de Domingo Mart\u00edn y Filomena Barbero. Naci\u00f3 un 3 de octubre de 1937, a m\u00e1s de 8.000 kil\u00f3metros de Cali, en Carde\u00f1osa (\u00c1vila), Espa\u00f1a, durante la Guerra Civil.<\/p>\n<p>A\u00f1os despu\u00e9s, la experiencia de esta guerra, recreada a partir de las an\u00e9cdotas y los relatos provenientes de partidarios de ambos bandos; relatos en los que reconoci\u00f3 tanto verdad como sesgo, lo llevar\u00eda a pensar, repensar y analizar el \u2018Discurso\u2019, y a convertirlo en el eje de sus posteriores estudios y vida profesional.<\/p>\n<p>Es Doctor en Filosof\u00eda, semi\u00f3logo, antrop\u00f3logo, y experto en investigaci\u00f3n de la cultura y las teor\u00edas de comunicaci\u00f3n en medios. Muchos intelectuales lo han definido como el pensador m\u00e1s s\u00f3lido y profundo de la comunicaci\u00f3n en Am\u00e9rica Latina, pues ha realizado numerosos e invaluables aportes en cada uno de los campos en los que ha centrado sus estudios, como la antropolog\u00eda y la semi\u00f3tica y es referente esencial por su contribuci\u00f3n a la creaci\u00f3n de un pensamiento latinoamericano sobre comunicaci\u00f3n y cultura.<\/p>\n<p>Entre los libros de investigaci\u00f3n que ha escrito, y por los que es mundialmente reconocido, se encuentran: &#8216;Comunicaci\u00f3n Masiva&#8217;, &#8216;Discurso y Poder&#8217;, &#8216;Televisi\u00f3n y Melodrama&#8217;, &#8216;Mapas Nocturnos y Pre-textos: conversaciones sobre la comunicaci\u00f3n y sus contextos&#8217;. En su obra &#8216;De los Medios a las Mediaciones&#8217; analiza el proceso de la comunicaci\u00f3n desde la recepci\u00f3n, conformada por las resistencias y las diversas formas de apropiaci\u00f3n de los contenidos de los medios.<\/p>\n<p>Barbero ha ejercido como docente en Colombia, M\u00e9xico, Per\u00fa, Argentina, Brasil, Puerto Rico, Alemania, Espa\u00f1a, Estados Unidos e Inglaterra. Ha sido distinguido como Profesor Em\u00e9rito en cinco universidades latinoamericanas, y distinguido con\u00a0cinco Doctorados &#8216;Honoris Causa&#8217;.<\/p>\n<p>Se radic\u00f3 en Colombia en 1963 (se convertir\u00eda en ciudadano colombiano a partir del 2003), y en 1975 fund\u00f3 el plan de estudios de Comunicaci\u00f3n Social y la unidad acad\u00e9mica conocida hoy como Escuela de Comunicaci\u00f3n Social de la Universidad del Valle.<\/p>\n<p><strong>La Escuela<\/strong><\/p>\n<p>El Departamento de Ciencias de la Comunicaci\u00f3n se fund\u00f3 en 1975 en la Facultad de Humanidades de la Universidad del Valle. Dos a\u00f1os m\u00e1s tarde, en 1977, el pregrado inici\u00f3 clases. La primera promoci\u00f3n egres\u00f3 en 1980; desde entonces el programa ha graduado 30 promociones de profesionales de la comunicaci\u00f3n. La actual Escuela de Comunicaci\u00f3n Social, responsable de la administraci\u00f3n acad\u00e9mica del programa de Comunicaci\u00f3n Social, pertenece ahora a la Facultad de Artes Integradas.<\/p>\n<p>En el momento de su creaci\u00f3n, el programa se enriqueci\u00f3 con los aportes de la antropolog\u00eda, la semi\u00f3tica y el psicoan\u00e1lisis, que por ese entonces contribu\u00edan con sus tesis a los debates intelectuales. Hoy el Programa de Comunicaci\u00f3n Social de la Universidad del Valle participa de los replanteamientos que se han venido dando al interior de las ciencias humanas y sociales, caracteriz\u00e1ndose por enfoques transdisciplinares. Sin embargo, abordar problemas de comunicaci\u00f3n y cultura desde teor\u00edas de las ciencias sociales no se opone a que una proporci\u00f3n del trabajo que se realiza en la Escuela de Comunicaci\u00f3n Social se fundamente en pr\u00e1cticas y corrientes art\u00edsticas, especialmente en las \u00e1reas de producci\u00f3n escrita, visual, sonora y audiovisual.<\/p>\n<p>La existencia del programa se sustenta entonces en la necesidad de formar profesionales que sean capaces de comprender el campo de la comunicaci\u00f3n (asumido como un campo de pr\u00e1cticas sociales y como un campo de estudio e investigaci\u00f3n) y proponer estrategias de comunicaci\u00f3n acordes con las necesidades y demandas de la sociedad colombiana. As\u00ed mismo, el curr\u00edculo y su desarrollo se encuentran articulados a la valoraci\u00f3n, la recuperaci\u00f3n y el est\u00edmulo de procesos de producci\u00f3n cultural en diferentes \u00e1mbitos. Por lo anterior, la formaci\u00f3n de comunicadores est\u00e1 orientada no s\u00f3lo al an\u00e1lisis, dise\u00f1o y producci\u00f3n de textos para diferentes medios de comunicaci\u00f3n, sino tambi\u00e9n a la gesti\u00f3n de proyectos que contemplen la pluralidad y especificidad de los modos de comunicaci\u00f3n existentes en la actualidad.<\/p>\n<\/div>\n","protected":false},"excerpt":{"rendered":"<p>Agencia de Noticias Univalle Profesores de la Escuela de Comunicaci\u00f3n Social de la Universidad del Valle realizaron recientemente en Bogot\u00e1 un homenaje al catedr\u00e1tico y pensador Jes\u00fas Mart\u00edn Barbero, creador de esta unidad acad\u00e9mica. La invitaci\u00f3n al emotivo encuentro sintetiza lo que muchos, quiz\u00e1 todos los que han tenido la[&#8230;]<\/p>\n","protected":false},"author":1,"featured_media":21036,"comment_status":"open","ping_status":"open","sticky":false,"template":"","format":"standard","meta":{"footnotes":""},"categories":[4],"tags":[],"_links":{"self":[{"href":"https:\/\/emisora.univalle.edu.co\/index.php\/wp-json\/wp\/v2\/posts\/21035"}],"collection":[{"href":"https:\/\/emisora.univalle.edu.co\/index.php\/wp-json\/wp\/v2\/posts"}],"about":[{"href":"https:\/\/emisora.univalle.edu.co\/index.php\/wp-json\/wp\/v2\/types\/post"}],"author":[{"embeddable":true,"href":"https:\/\/emisora.univalle.edu.co\/index.php\/wp-json\/wp\/v2\/users\/1"}],"replies":[{"embeddable":true,"href":"https:\/\/emisora.univalle.edu.co\/index.php\/wp-json\/wp\/v2\/comments?post=21035"}],"version-history":[{"count":1,"href":"https:\/\/emisora.univalle.edu.co\/index.php\/wp-json\/wp\/v2\/posts\/21035\/revisions"}],"predecessor-version":[{"id":21037,"href":"https:\/\/emisora.univalle.edu.co\/index.php\/wp-json\/wp\/v2\/posts\/21035\/revisions\/21037"}],"wp:featuredmedia":[{"embeddable":true,"href":"https:\/\/emisora.univalle.edu.co\/index.php\/wp-json\/wp\/v2\/media\/21036"}],"wp:attachment":[{"href":"https:\/\/emisora.univalle.edu.co\/index.php\/wp-json\/wp\/v2\/media?parent=21035"}],"wp:term":[{"taxonomy":"category","embeddable":true,"href":"https:\/\/emisora.univalle.edu.co\/index.php\/wp-json\/wp\/v2\/categories?post=21035"},{"taxonomy":"post_tag","embeddable":true,"href":"https:\/\/emisora.univalle.edu.co\/index.php\/wp-json\/wp\/v2\/tags?post=21035"}],"curies":[{"name":"wp","href":"https:\/\/api.w.org\/{rel}","templated":true}]}}