{"id":21060,"date":"2019-05-09T14:59:34","date_gmt":"2019-05-09T19:59:34","guid":{"rendered":"https:\/\/emisora.univalle.edu.co\/?p=21060"},"modified":"2019-05-09T14:59:34","modified_gmt":"2019-05-09T19:59:34","slug":"estudiantes-afro-rinden-homenaje-a-figura-de-la-musica-cubana","status":"publish","type":"post","link":"https:\/\/emisora.univalle.edu.co\/index.php\/estudiantes-afro-rinden-homenaje-a-figura-de-la-musica-cubana\/","title":{"rendered":"Estudiantes afro rinden homenaje a figura de la m\u00fasica cubana"},"content":{"rendered":"<p><span class=\"authorPost\">Agencia de Noticias Univalle<\/span><\/p>\n<div class=\"itemFullText\">\n<p>Cuando el maestro Alexander Abreu ingres\u00f3 al auditorio hubo un nutrido y prolongado aplauso. El sitio estaba repleto. Sin pre\u00e1mbulo, uno de los organizadores del homenaje, en representaci\u00f3n de las comunidades afro representadas por estudiantes de todas las facultades e institutos invit\u00f3 a varios expertos musicales presentes a hacerle preguntas al m\u00fasico cubano. Comenzaron pregunt\u00e1ndole por su relaci\u00f3n con Cali. Abreu, con su hablar ronco y su marcado acento cubano dijo que, en su caso, siente mucho respeto por el p\u00fablico de esta ciudad, pues considera que es un p\u00fablico que conoce bastante de salsa y de m\u00fasica afrocaribe. Dijo que normalmente indaga qu\u00e9 le gusta al p\u00fablico en cada sitio que se presenta y as\u00ed dise\u00f1a el repertorio de conciertos.<\/p>\n<p>Alexander Abreu est\u00e1 en Cali para adelantar una gira corta. Apenas se pusieron en venta los boletos se agotaron en s\u00f3lo dos d\u00edas. Se calcula que en total se vendieron unas 12 mil boletas. Esto, porque Havana D\u2019Primera es una de las m\u00e1s reconocidas orquestas cubanas de la actualidad, y m\u00e1s en una ciudad como Cali, que sigue siendo altamente salsera.<\/p>\n<p>La organizaci\u00f3n afroestudiantil de Univalle y Cadhubev organizaron el homenaje y el conversatorio con el reconocido m\u00fasico. Todos escucharon con gran atenci\u00f3n al maestro que hablo sobre diversos temas relacionados con su vida, sus sue\u00f1os, sus gustos y su mirada de lo social. Sus canciones causan sensaci\u00f3n entre diversos grupos sociales y tambi\u00e9n entre varias generaciones. En los sectores populares de la ciudad, con una poblaci\u00f3n ampliamente afrocolombiana, como es el caso del Distrito de Aguablanca, Abreu y su m\u00fasica se escuchan por muchas partes. La timba cubana reina entre los amantes de la m\u00fasica salsa y caribe\u00f1a.<\/p>\n<p>Luego de los expertos, varias personas del p\u00fablico pudieron hacerle preguntas al cantante. Todos demostraron conocer a fondo el amplio repertorio de Havana D\u2019Primera y tambi\u00e9n muchos elementos de contexto en relaci\u00f3n con los detalles que inciden en la creaci\u00f3n de esta m\u00fasica. Todos hab\u00edan esperado pacientemente por m\u00e1s de dos horas para hablar con \u00e9l. Estaba previsto que el acto iniciara a las tres y treinta de la tarde, pero los compromisos del m\u00fasico solo le permitieron llegar hacia las seis.<\/p>\n<p>Consultado sobre la incidencia de lo religioso en la producci\u00f3n de la orquesta, el m\u00fasico (arreglista, compositor, trompetista y cantante) cont\u00f3 qu\u00e9 es un hombre profundamente religioso que profesa las creencias Yorubas junto con varios de los miembros de la orquesta y que tambi\u00e9n hay varios integrantes que son laicos. Revel\u00f3 que cuando era ni\u00f1o su madrina Yoruba predijo muchas de las realizaciones que como artista logr\u00f3 alcanzar con los a\u00f1os. Hizo de pasada una cr\u00edtica a aquellas personas que dici\u00e9ndose religiosas no vivencian en realidad una vida espiritual trascendente.<\/p>\n<p>Un joven l\u00edder comunitario le pregunt\u00f3 acerca de su prop\u00f3sito de vida. Despu\u00e9s de meditarlo por un momento, le respondi\u00f3 que le gusta que la m\u00fasica que compone y canta incida en la vida de la gente. En especial que le permita a sus seguidores j\u00f3venes asumir de manera positiva y en paz existencia. Record\u00f3 que en una ocasi\u00f3n un joven que ten\u00eda surcado su rostro con una profunda cicatriz le dijo que despu\u00e9s de haber escuchado la m\u00fasica de Havana D\u2019Primera el rumbo de su vida hab\u00eda cambiado y que despu\u00e9s de estar en el abismo de una vida desordenada y conflictiva, hab\u00eda cambiado y hoy era un hombre dedicado a su familia. Cuenta Abreu que no dud\u00f3 en ofrecerle al hombre entradas gratis al concierto para \u00e9l, su esposa y sus hijas.<\/p>\n<p>Dijo que el arte y la m\u00fasica pueden incidir de forma positiva en el destino de muchos j\u00f3venes. Y tambi\u00e9n le manifest\u00f3 al auditorio que quiere conocer los barrios populares cale\u00f1os para conocer la movida de las comunidades.<\/p>\n<p>Alguien le pregunt\u00f3 sobre el g\u00e9nero musical de la timba y sobre sus caracter\u00edsticas. El respondi\u00f3 recordando que el nombre de timba lo escogi\u00f3 alguien comparando esta m\u00fasica que mezcla m\u00faltiples ritmos, con un plato cubano que incorpora una gran mezcla de ingredientes (como pasa con el sancocho en el caso colombiano). Se\u00f1al\u00f3 que adem\u00e1s de ritmos afrocaribe\u00f1os figuran en la mezcla de la timba tambi\u00e9n el jazz y otras m\u00fasicas que han sido producidas por mucho tiempo por grupos humanos y artistas pertenecientes a las di\u00e1sporas africanas del continente americano. Resalt\u00f3 el inconmensurable valor de la cultura africana para el caso cubano y las m\u00faltiples opciones creativas que genera la presencia de elementos como el tambor en todos los procesos de elaboraci\u00f3n musical en sociedades del Caribe.<\/p>\n<p>Record\u00f3 que estuvo cuatro a\u00f1os en Dinamarca y que su paso de la trompeta al canto se debi\u00f3 a un hecho fortuito cuando el grupo musical del que hac\u00eda parte, por alguna raz\u00f3n se qued\u00f3 sin vocalista. \u00c9l, hasta ese momento arreglista y trompetista tuvo que cantar y debido al \u00e9xito de cadencia, estilo y voz especial pas\u00f3 a dedicar m\u00e1s tiempo al canto que a la interpretaci\u00f3n de la trompeta, aunque nunca ha dejado de tocar el instrumento. Al final, luego de recibir una placa en reconocimiento por parte de los estudiantes y de las organizaciones afro de Univalle, Abreu no acept\u00f3 cantar a capela, pero estuvo dispuesto a tomarse decenas de selfies con los j\u00f3venes presentes en el auditorio uno de Ingenier\u00edas, nadie se movi\u00f3 hasta que Abreu sali\u00f3 de prisa acompa\u00f1ado de empresarios, artistas y amigos personales.<\/p>\n<p>Una de los gestos m\u00e1s notorios de la afabilidad que caracteriza al gran artista fue el de darle prioridad a una foto que le pidi\u00f3 un chico en situaci\u00f3n de discapacidad. Seguramente, la imagen del gran artista cubano y sobre todo, sus reflexiones y consejos perdurar\u00e1n, m\u00e1s que en las memorias digitales, en el coraz\u00f3n de los j\u00f3venes que colmaron el auditorio 1 del campus de Mel\u00e9ndez para rendir homenaje a alguien que los identifica con su cultura, su etnia y sus historias de vida y de resistencia.<\/p>\n<\/div>\n","protected":false},"excerpt":{"rendered":"<p>Agencia de Noticias Univalle Cuando el maestro Alexander Abreu ingres\u00f3 al auditorio hubo un nutrido y prolongado aplauso. El sitio estaba repleto. Sin pre\u00e1mbulo, uno de los organizadores del homenaje, en representaci\u00f3n de las comunidades afro representadas por estudiantes de todas las facultades e institutos invit\u00f3 a varios expertos musicales[&#8230;]<\/p>\n","protected":false},"author":1,"featured_media":21061,"comment_status":"open","ping_status":"open","sticky":false,"template":"","format":"standard","meta":{"footnotes":""},"categories":[4],"tags":[],"_links":{"self":[{"href":"https:\/\/emisora.univalle.edu.co\/index.php\/wp-json\/wp\/v2\/posts\/21060"}],"collection":[{"href":"https:\/\/emisora.univalle.edu.co\/index.php\/wp-json\/wp\/v2\/posts"}],"about":[{"href":"https:\/\/emisora.univalle.edu.co\/index.php\/wp-json\/wp\/v2\/types\/post"}],"author":[{"embeddable":true,"href":"https:\/\/emisora.univalle.edu.co\/index.php\/wp-json\/wp\/v2\/users\/1"}],"replies":[{"embeddable":true,"href":"https:\/\/emisora.univalle.edu.co\/index.php\/wp-json\/wp\/v2\/comments?post=21060"}],"version-history":[{"count":1,"href":"https:\/\/emisora.univalle.edu.co\/index.php\/wp-json\/wp\/v2\/posts\/21060\/revisions"}],"predecessor-version":[{"id":21062,"href":"https:\/\/emisora.univalle.edu.co\/index.php\/wp-json\/wp\/v2\/posts\/21060\/revisions\/21062"}],"wp:featuredmedia":[{"embeddable":true,"href":"https:\/\/emisora.univalle.edu.co\/index.php\/wp-json\/wp\/v2\/media\/21061"}],"wp:attachment":[{"href":"https:\/\/emisora.univalle.edu.co\/index.php\/wp-json\/wp\/v2\/media?parent=21060"}],"wp:term":[{"taxonomy":"category","embeddable":true,"href":"https:\/\/emisora.univalle.edu.co\/index.php\/wp-json\/wp\/v2\/categories?post=21060"},{"taxonomy":"post_tag","embeddable":true,"href":"https:\/\/emisora.univalle.edu.co\/index.php\/wp-json\/wp\/v2\/tags?post=21060"}],"curies":[{"name":"wp","href":"https:\/\/api.w.org\/{rel}","templated":true}]}}