{"id":21066,"date":"2019-05-13T10:20:40","date_gmt":"2019-05-13T15:20:40","guid":{"rendered":"https:\/\/emisora.univalle.edu.co\/?p=21066"},"modified":"2019-05-13T10:20:40","modified_gmt":"2019-05-13T15:20:40","slug":"nuevo-programa-academico-en-primera-infancia","status":"publish","type":"post","link":"https:\/\/emisora.univalle.edu.co\/index.php\/nuevo-programa-academico-en-primera-infancia\/","title":{"rendered":"Nuevo programa acad\u00e9mico en Primera Infancia"},"content":{"rendered":"<p><span class=\"authorPost\">Agencia de Noticias Univalle<\/span><\/p>\n<div class=\"itemFullText\">\n<p dir=\"ltr\">El Instituto de Psicolog\u00eda de la Universidad del Valle present\u00f3 su nuevo programa acad\u00e9mico de pregrado en Primera Infancia, que integrar\u00e1 la oferta institucional a partir del segundo semestre de 2019.<\/p>\n<p dir=\"ltr\">La inscripci\u00f3n a este Programa Acad\u00e9mico estar\u00e1 abierta hasta el pr\u00f3ximo 22 de mayo de 2019.<\/p>\n<p>El acto de presentaci\u00f3n se realiz\u00f3 en el Auditorio \u00c1ngel Zapata de la Biblioteca Mario Carvajal, Campus de Mel\u00e9ndez, con la participaci\u00f3n de los profesores Claudia Mar\u00eda Pay\u00e1n Villamizar, directora de Autoevaluaci\u00f3n y Calidad Acad\u00e9mica; Oscar Rosero, subdirector acad\u00e9mico del Instituto de Psicolog\u00eda y Mar\u00eda Eugenia Villalobos, gestora de este nuevo programa.<\/p>\n<p>\u201cEste nuevo pregrado es una muestra del compromiso institucional en ofrecer una oferta acad\u00e9mica consolidada que responda a las necesidades de la regi\u00f3n\u201d, manifest\u00f3 la profesora Pay\u00e1n Villamizar.<\/p>\n<p>Por su parte, el profesor Oscar Rosero se\u00f1al\u00f3 que \u201ceste programa marca una ruptura hacia futuro, porque visualiza el proceso formativo desde otro camino: desde y hacia lo transdisciplinar. Este pregrado marca un camino hacia el encuentro con otras disciplinas; es \u00fanico en el pa\u00eds, con una propuesta integradora de saberes\u201d.<\/p>\n<p>El Programa en Primera Infancia busca formar profesionales en primera infancia desde el paradigma integrador: Ser y Saber; con esp\u00edritu cr\u00edtico, reflexivo e investigativo, con compromiso \u00e9tico, pol\u00edtico y con responsabilidad social, de manera que su quehacer profesional refleje la solidez necesaria para enfrentar los retos que imponen las instituciones, las familias y los ni\u00f1os, en el contexto de la postmodernidad.<\/p>\n<p dir=\"ltr\">El Programa habilita a sus egresados para acompa\u00f1ar y propiciar, desde la comprensi\u00f3n y el reconocimiento del ni\u00f1o mismo, sus procesos de desarrollo en los diversos entornos y espacios: educativos, de salud, comunitarios y culturales, a nivel local, nacional e internacional, a partir del trabajo interdisciplinario y en favor de la creaci\u00f3n de escenarios e intervenciones fundadas en el conocimiento del desarrollo infantil, la \u00e9tica, la l\u00fadica y la est\u00e9tica, que mejoren la calidad de vida de los ni\u00f1os y ni\u00f1as como sujetos de derecho y futuros ciudadanos.<\/p>\n<p>El egresado podr\u00e1 desempe\u00f1arse en el sector educativo, en organizaciones de salud, comunitarias, culturales, en ONG y de servicios. Podr\u00e1 ser parte de equipos interdisciplinarios en las instituciones o programas donde labore y participar en el dise\u00f1o, ejecuci\u00f3n y evaluaci\u00f3n de programas, proyectos y pol\u00edticas p\u00fablicas relacionadas con la primera infancia.<\/p>\n<p>Los interesados en inscribirse a este programa acad\u00e9mico pueden consultar toda la informaci\u00f3n en\u00a0<a href=\"http:\/\/admisiones.univalle.edu.co\/new\/index.php\" target=\"_blank\" rel=\"noopener noreferrer\" data-saferedirecturl=\"https:\/\/www.google.com\/url?q=http:\/\/admisiones.univalle.edu.co\/new\/index.php&amp;source=gmail&amp;ust=1557608949824000&amp;usg=AFQjCNGS4jJZZHmTr-5pypJhCvg0gb_iWw\">http:\/\/admisiones.univalle.<wbr><\/wbr>edu.co\/new\/index.php<\/a><\/p>\n<\/div>\n","protected":false},"excerpt":{"rendered":"<p>Agencia de Noticias Univalle El Instituto de Psicolog\u00eda de la Universidad del Valle present\u00f3 su nuevo programa acad\u00e9mico de pregrado en Primera Infancia, que integrar\u00e1 la oferta institucional a partir del segundo semestre de 2019. La inscripci\u00f3n a este Programa Acad\u00e9mico estar\u00e1 abierta hasta el pr\u00f3ximo 22 de mayo de[&#8230;]<\/p>\n","protected":false},"author":1,"featured_media":21067,"comment_status":"open","ping_status":"open","sticky":false,"template":"","format":"standard","meta":{"footnotes":""},"categories":[4],"tags":[],"_links":{"self":[{"href":"https:\/\/emisora.univalle.edu.co\/index.php\/wp-json\/wp\/v2\/posts\/21066"}],"collection":[{"href":"https:\/\/emisora.univalle.edu.co\/index.php\/wp-json\/wp\/v2\/posts"}],"about":[{"href":"https:\/\/emisora.univalle.edu.co\/index.php\/wp-json\/wp\/v2\/types\/post"}],"author":[{"embeddable":true,"href":"https:\/\/emisora.univalle.edu.co\/index.php\/wp-json\/wp\/v2\/users\/1"}],"replies":[{"embeddable":true,"href":"https:\/\/emisora.univalle.edu.co\/index.php\/wp-json\/wp\/v2\/comments?post=21066"}],"version-history":[{"count":1,"href":"https:\/\/emisora.univalle.edu.co\/index.php\/wp-json\/wp\/v2\/posts\/21066\/revisions"}],"predecessor-version":[{"id":21068,"href":"https:\/\/emisora.univalle.edu.co\/index.php\/wp-json\/wp\/v2\/posts\/21066\/revisions\/21068"}],"wp:featuredmedia":[{"embeddable":true,"href":"https:\/\/emisora.univalle.edu.co\/index.php\/wp-json\/wp\/v2\/media\/21067"}],"wp:attachment":[{"href":"https:\/\/emisora.univalle.edu.co\/index.php\/wp-json\/wp\/v2\/media?parent=21066"}],"wp:term":[{"taxonomy":"category","embeddable":true,"href":"https:\/\/emisora.univalle.edu.co\/index.php\/wp-json\/wp\/v2\/categories?post=21066"},{"taxonomy":"post_tag","embeddable":true,"href":"https:\/\/emisora.univalle.edu.co\/index.php\/wp-json\/wp\/v2\/tags?post=21066"}],"curies":[{"name":"wp","href":"https:\/\/api.w.org\/{rel}","templated":true}]}}