{"id":21089,"date":"2019-05-15T15:12:17","date_gmt":"2019-05-15T20:12:17","guid":{"rendered":"https:\/\/emisora.univalle.edu.co\/?p=21089"},"modified":"2019-05-15T15:12:17","modified_gmt":"2019-05-15T20:12:17","slug":"carpa-de-melquiades-2019-conocimiento-y-diversion-para-todos","status":"publish","type":"post","link":"https:\/\/emisora.univalle.edu.co\/index.php\/carpa-de-melquiades-2019-conocimiento-y-diversion-para-todos\/","title":{"rendered":"Carpa de Melqu\u00edades 2019: conocimiento y diversi\u00f3n para todos"},"content":{"rendered":"<p><span class=\"authorPost\">Agencia de Noticias Univalle<\/span><\/p>\n<div class=\"itemFullText\">\n<p><em>La Universidad del Valle abrir\u00e1 nuevamente la emblem\u00e1tica Carpa de Melqu\u00edades<\/em><\/p>\n<p>Del 13 al 15 de junio de 2019 regresa la muestra de Ciencia m\u00e1s divertida del suroccidente colombiano: La Carpa de Melqu\u00edades.<\/p>\n<p>La Carpa de Melqu\u00edades es la exposici\u00f3n interactiva m\u00e1s grande de Cali que acerca a las personas a la ciencia a trav\u00e9s de experimentos, exposiciones biol\u00f3gicas y juegos mentales en cuatro \u00e1reas del conocimiento cient\u00edfico: Biolog\u00eda, F\u00edsica, Qu\u00edmica y Matem\u00e1ticas.<\/p>\n<p>Este a\u00f1o a La\u00a0#CarpaMelqu\u00edadesUnivalle\u00a0se suman a dos eventos de car\u00e1cter cient\u00edfico: la Conmemoraci\u00f3n de los 250 a\u00f1os del nacimiento de Alexander von Humboldt (incluida en la Carpa), y la celebraci\u00f3n del D\u00eda mundial de los Oc\u00e9anos (dentro de la Biblioteca Mario Carvajal de la Universidad del Valle durante los mismos d\u00edas de La Carpa).<\/p>\n<p>La Carpa de Melqu\u00edades se convierte cada a\u00f1o en la oportunidad perfecta para que ni\u00f1os, j\u00f3venes y adultos puedan disfrutar la ciencia de una manera l\u00fadica, para jugar, aprender, experimentar, descubrir y alimentar la curiosidad del cient\u00edfico que llevan dentro.<\/p>\n<p><strong>Fechas y horarios<\/strong><\/p>\n<p>Jueves 13, viernes 14 y s\u00e1bado 15 de junio de 9:00 de la ma\u00f1ana a 5:00 de la tarde en jornada continua.<\/p>\n<p>La carpa Estar\u00e1 ubicada en el edifico CECIM B23 (antes edificio 342) de la Facultad de Ciencias Naturales y Exactas (detr\u00e1s de la facultad de ingenier\u00eda).<\/p>\n<p><strong>Importante<\/strong><\/p>\n<p>El ingreso a la Carpa es totalmente gratuito para todas las personas y no requiere ning\u00fan tipo de inscripci\u00f3n para particulares.<\/p>\n<p>PARA COLEGIOS:\u00a0el ingreso de buses se debe hacer por la porter\u00eda de la carrera 86 con calle 13\u00a0(Villa Solar), es importante enviar un e-mail\u00a0a\u00a0<span id=\"cloakaa84bc0b000eab98b2fd86e641b6bad9\"><a href=\"mailto:carpa.melquiades@correounivalle.edu.co\">carpa.melquiades@correounivalle.edu.co<\/a><\/span>\u00a0indicando: Nombre de la instituci\u00f3n, nombre de\u00a0los alumnos que visitar\u00e1n la carpa, docente(s) responsable(s) que acompa\u00f1ar\u00e1n a los alumnos\u00a0y un n\u00famero de contacto. Es importante que los estudiantes tengan vigente su seguro\u00a0estudiantil.<\/p>\n<p>EGRESADOS: los primeros 300 egresados que se registren en el punto de Egresados ubicado en La Carpa, y validen sus datos, recibir\u00e1n un detalle de parte de la Universidad.<\/p>\n<p><strong>+Informaci\u00f3n<\/strong>:<br \/>\n<a href=\"http:\/\/carpamelquiades.univalle.edu.co\/\">http:\/\/carpamelquiades.univalle.edu.co<\/a><\/p>\n<p><span id=\"cloak499af554a998274269fda3c059fcf436\"><a href=\"mailto:carpa.melquiades@correounivalle.edu.co\">carpa.melquiades@correounivalle.edu.co<\/a><\/span><br \/>\nM\u00f3vil 301 258 6108<\/p>\n<p>S\u00edganos en<br \/>\nFacebook e Instagram como\u00a0<a href=\"https:\/\/www.facebook.com\/CarpaMelquiades\" target=\"_blank\" rel=\"noopener noreferrer\">CarpaMelquiades<\/a><\/p>\n<\/div>\n","protected":false},"excerpt":{"rendered":"<p>Agencia de Noticias Univalle La Universidad del Valle abrir\u00e1 nuevamente la emblem\u00e1tica Carpa de Melqu\u00edades Del 13 al 15 de junio de 2019 regresa la muestra de Ciencia m\u00e1s divertida del suroccidente colombiano: La Carpa de Melqu\u00edades. La Carpa de Melqu\u00edades es la exposici\u00f3n interactiva m\u00e1s grande de Cali que[&#8230;]<\/p>\n","protected":false},"author":1,"featured_media":21090,"comment_status":"open","ping_status":"open","sticky":false,"template":"","format":"standard","meta":{"footnotes":""},"categories":[4],"tags":[],"_links":{"self":[{"href":"https:\/\/emisora.univalle.edu.co\/index.php\/wp-json\/wp\/v2\/posts\/21089"}],"collection":[{"href":"https:\/\/emisora.univalle.edu.co\/index.php\/wp-json\/wp\/v2\/posts"}],"about":[{"href":"https:\/\/emisora.univalle.edu.co\/index.php\/wp-json\/wp\/v2\/types\/post"}],"author":[{"embeddable":true,"href":"https:\/\/emisora.univalle.edu.co\/index.php\/wp-json\/wp\/v2\/users\/1"}],"replies":[{"embeddable":true,"href":"https:\/\/emisora.univalle.edu.co\/index.php\/wp-json\/wp\/v2\/comments?post=21089"}],"version-history":[{"count":1,"href":"https:\/\/emisora.univalle.edu.co\/index.php\/wp-json\/wp\/v2\/posts\/21089\/revisions"}],"predecessor-version":[{"id":21091,"href":"https:\/\/emisora.univalle.edu.co\/index.php\/wp-json\/wp\/v2\/posts\/21089\/revisions\/21091"}],"wp:featuredmedia":[{"embeddable":true,"href":"https:\/\/emisora.univalle.edu.co\/index.php\/wp-json\/wp\/v2\/media\/21090"}],"wp:attachment":[{"href":"https:\/\/emisora.univalle.edu.co\/index.php\/wp-json\/wp\/v2\/media?parent=21089"}],"wp:term":[{"taxonomy":"category","embeddable":true,"href":"https:\/\/emisora.univalle.edu.co\/index.php\/wp-json\/wp\/v2\/categories?post=21089"},{"taxonomy":"post_tag","embeddable":true,"href":"https:\/\/emisora.univalle.edu.co\/index.php\/wp-json\/wp\/v2\/tags?post=21089"}],"curies":[{"name":"wp","href":"https:\/\/api.w.org\/{rel}","templated":true}]}}