{"id":21104,"date":"2019-05-21T14:02:12","date_gmt":"2019-05-21T19:02:12","guid":{"rendered":"https:\/\/emisora.univalle.edu.co\/?p=21104"},"modified":"2019-05-21T14:02:12","modified_gmt":"2019-05-21T19:02:12","slug":"ii-festival-universitario-de-las-artes-la-ciencia-y-la-cultura-de-univalle","status":"publish","type":"post","link":"https:\/\/emisora.univalle.edu.co\/index.php\/ii-festival-universitario-de-las-artes-la-ciencia-y-la-cultura-de-univalle\/","title":{"rendered":"II Festival Universitario de las artes, la ciencia y la cultura de Univalle"},"content":{"rendered":"<p><span class=\"authorPost\">Agencia de Noticias Univalle<\/span><\/p>\n<div class=\"itemFullText\">\n<p>En la Universidad del Valle, este jueves 23 de mayo, se realizar\u00e1 el II Festival Universitario de las Artes, la Ciencia y la Cultura, un evento anual que re\u00fane una amplia muestra de los grupos (afro, ind\u00edgenas, de g\u00e9nero, LGTBI) art\u00edsticos, cient\u00edficos y culturales de la Universidad del Valle, adscritos a la Vicerrector\u00eda de Bienestar Universitario y a las diferentes facultades e institutos.<\/p>\n<p>El Festival se llevar\u00e1 a cabo en el renovado Centro Deportivo Universitario &#8211; CDU del Campus de San Fernando y el 24 de mayo las actividades se realizar\u00e1n en el CDU del Campus de Mel\u00e9ndez.<\/p>\n<p>Este evento comprende actividades l\u00fadicas, recreativas, de esparcimiento y recreaci\u00f3n, acad\u00e9micas, como tambi\u00e9n presentaciones de los grupos art\u00edsticos.<\/p>\n<p>Su principal objetivo es abrir espacios en los campus de la universidad para mostrar y resaltar su riqueza y diversidad cultural, a partir del reconocimiento del otro, las diferencias y la inclusi\u00f3n social. Este es un espacio abierto para la sana convivencia, el esparcimiento y la diversi\u00f3n, as\u00ed como la participaci\u00f3n e integraci\u00f3n universitaria.<\/p>\n<p>Durante el Festival se presentar\u00e1n a la comunidad universitaria los avances de la construcci\u00f3n participativa de las pol\u00edticas culturales de la Universidad del Valle 2016-2025.<\/p>\n<p>Los responsables directos de la organizaci\u00f3n del Festival Universitario son el Comit\u00e9 Asesor de Cultura y la Vicerrector\u00eda de Bienestar.<\/p>\n<p>Como parte del cierre del Festival, se presentar\u00e1 la agrupaci\u00f3n Doctor Kr\u00e1pula, banda colombiana de ska y punk, que transmite mensajes de transformaci\u00f3n y activaci\u00f3n de la conciencia a trav\u00e9s de su m\u00fasica popular mestiza. La presentaci\u00f3n se realizar\u00e1 el viernes 24 de mayo, a partir de las 8:00 p.m., en el CDU de Mel\u00e9ndez.<\/p>\n<p><a href=\"https:\/\/drive.google.com\/open?id=1yLy5H-kZQbNcXIbsVVhkDizLFPDsHPnK\" target=\"_blank\" rel=\"noopener noreferrer\">Ver programaci\u00f3n<\/a><\/p>\n<\/div>\n","protected":false},"excerpt":{"rendered":"<p>Agencia de Noticias Univalle En la Universidad del Valle, este jueves 23 de mayo, se realizar\u00e1 el II Festival Universitario de las Artes, la Ciencia y la Cultura, un evento anual que re\u00fane una amplia muestra de los grupos (afro, ind\u00edgenas, de g\u00e9nero, LGTBI) art\u00edsticos, cient\u00edficos y culturales de la[&#8230;]<\/p>\n","protected":false},"author":1,"featured_media":21105,"comment_status":"open","ping_status":"open","sticky":false,"template":"","format":"standard","meta":{"footnotes":""},"categories":[4],"tags":[],"_links":{"self":[{"href":"https:\/\/emisora.univalle.edu.co\/index.php\/wp-json\/wp\/v2\/posts\/21104"}],"collection":[{"href":"https:\/\/emisora.univalle.edu.co\/index.php\/wp-json\/wp\/v2\/posts"}],"about":[{"href":"https:\/\/emisora.univalle.edu.co\/index.php\/wp-json\/wp\/v2\/types\/post"}],"author":[{"embeddable":true,"href":"https:\/\/emisora.univalle.edu.co\/index.php\/wp-json\/wp\/v2\/users\/1"}],"replies":[{"embeddable":true,"href":"https:\/\/emisora.univalle.edu.co\/index.php\/wp-json\/wp\/v2\/comments?post=21104"}],"version-history":[{"count":1,"href":"https:\/\/emisora.univalle.edu.co\/index.php\/wp-json\/wp\/v2\/posts\/21104\/revisions"}],"predecessor-version":[{"id":21106,"href":"https:\/\/emisora.univalle.edu.co\/index.php\/wp-json\/wp\/v2\/posts\/21104\/revisions\/21106"}],"wp:featuredmedia":[{"embeddable":true,"href":"https:\/\/emisora.univalle.edu.co\/index.php\/wp-json\/wp\/v2\/media\/21105"}],"wp:attachment":[{"href":"https:\/\/emisora.univalle.edu.co\/index.php\/wp-json\/wp\/v2\/media?parent=21104"}],"wp:term":[{"taxonomy":"category","embeddable":true,"href":"https:\/\/emisora.univalle.edu.co\/index.php\/wp-json\/wp\/v2\/categories?post=21104"},{"taxonomy":"post_tag","embeddable":true,"href":"https:\/\/emisora.univalle.edu.co\/index.php\/wp-json\/wp\/v2\/tags?post=21104"}],"curies":[{"name":"wp","href":"https:\/\/api.w.org\/{rel}","templated":true}]}}