{"id":21107,"date":"2019-05-21T14:03:24","date_gmt":"2019-05-21T19:03:24","guid":{"rendered":"https:\/\/emisora.univalle.edu.co\/?p=21107"},"modified":"2019-05-21T14:03:24","modified_gmt":"2019-05-21T19:03:24","slug":"rector-varela-presidio-la-recepcion-general-a-nuevos-estudiantes-contaran-con-una-universidad-con-mejor-horizonte-financiero","status":"publish","type":"post","link":"https:\/\/emisora.univalle.edu.co\/index.php\/rector-varela-presidio-la-recepcion-general-a-nuevos-estudiantes-contaran-con-una-universidad-con-mejor-horizonte-financiero\/","title":{"rendered":"Rector Varela presidi\u00f3 la recepci\u00f3n general a nuevos estudiantes: \u201cContar\u00e1n con una universidad con mejor horizonte financiero\u201d"},"content":{"rendered":"<p><span class=\"authorPost\">Agencia de Noticias Univalle<\/span><\/p>\n<div class=\"itemFullText\">\n<p>En un evento que reuni\u00f3 a cientos de estudiantes que ingresan a la Universidad del Valle, el rector Edgar Varela Barrios les dio la bienvenida a los j\u00f3venes que a partir de ahora har\u00e1n parte de programas como Trabajo Social, Biolog\u00eda, Medicina, Ingenier\u00eda y Econom\u00eda, entre otros. En total ingresaron 2.264 estudiantes.<\/p>\n<p>La recepci\u00f3n general a nuevos estudiantes de pregrado tuvo lugar en el coliseo Alberto Le\u00f3n Betancur del Campus Mel\u00e9ndez. Por cuarta ocasi\u00f3n se realiz\u00f3 este acto coordinado por la Rector\u00eda y las por las Vicerrector\u00edas Acad\u00e9mica y de Bienestar Universitario. Varias facultades y programas acad\u00e9micos realizan tambi\u00e9n recepciones a estudiantes, as\u00ed como varias de las Sedes regionales.<\/p>\n<p>El rector Varela record\u00f3 que el inicio normal de clases es en febrero y ofreci\u00f3 excusas a los nuevos estudiantes por la espera que debieron tener durante tres meses debido al paro acad\u00e9mico de las universidades p\u00fablicas liderado por los estudiantes, docentes y directivos. Din\u00e1mica que condujo a un acuerdo por parte de las Universidades y presidente de la Rep\u00fablica para que la Naci\u00f3n aumente los recursos destinados a la educaci\u00f3n superior p\u00fablica en Colombia.<\/p>\n<p>\u201cEs un alto precio empezar varios meses despu\u00e9s el semestre acad\u00e9mico, pero nos queda como satisfacci\u00f3n que este esfuerzo logr\u00f3 que se modificara el esquema de asignaci\u00f3n de recursos p\u00fablicos que en su momento prioriz\u00f3 al componente privado de la educaci\u00f3n superior\u201d, se\u00f1al\u00f3 el rector y enfatiz\u00f3 que no se trata de se\u00f1alar como enemigos a las universidades privadas, sino que es necesario establecer pol\u00edticas p\u00fablicas que pongan siempre por encima la formaci\u00f3n y en documentos como el Plan Nacional de Desarrollo, se refrenden los acuerdos para m\u00e1s recursos a la base presupuestal y de inversiones de la universidad p\u00fablica.<\/p>\n<p>\u201cUstedes contar\u00e1n con una universidad con un horizonte financiero m\u00e1s despejado del que hubo en a\u00f1os anteriores. Este es un a\u00f1o de transici\u00f3n y la mayor parte de los recursos ingresar\u00e1n a partir de 2020\u201d, les dijo el rector a los nuevos estudiantes.<\/p>\n<p>Anunci\u00f3 que hay buenas noticias en materia de ciencia, tecnolog\u00eda e innovaci\u00f3n, as\u00ed como para la financiaci\u00f3n de investigaciones, porque a finales de este a\u00f1o se pondr\u00e1 en marcha el Ministerio de Ciencia y Tecnolog\u00eda e Innovaci\u00f3n y en el Plan Nacional de Desarrollo habr\u00e1 aumentos de recursos para Colciencias y para el sistema de ciencia y tecnolog\u00eda del pa\u00eds.<\/p>\n<p>\u201cLos gobernadores se sumaron al acuerdo con recursos de regal\u00edas que son de libre disposici\u00f3n de los territorios para aumentar financiaci\u00f3n en infraestructura, posgrados, laboratorios y financiaci\u00f3n de la investigaci\u00f3n\u201d.<\/p>\n<p>Dijo que se espera cumplir con los tiempos acad\u00e9micos para que el actual semestre termine en septiembre pr\u00f3ximo y que en 2020 se pueda equilibrar la programaci\u00f3n acad\u00e9mica y normalizarla.<\/p>\n<p>\u201cDoy la bienvenida a los nuevos estudiantes con el sentimiento de orgullo que nos da el que Univalle sea una de las mejores universidades no solo de Colombia sino de Am\u00e9rica Latina. Nuestra universidad se destaca por estar en los primeros lugares en investigaci\u00f3n. Usualmente estamos en el tercer o cuarto lugar del ranking. Lideran un par de universidades hermanas: la Nacional de Colombia y la de Antioquia que son m\u00e1s grandes y con m\u00e1s presupuesto que Univalle\u201d.<\/p>\n<p>El profesor Varela destac\u00f3 que el desempe\u00f1o de las tres universidades p\u00fablicas en materia de investigaciones muestra el liderazgo que tienen nuestras instituciones en materia de calidad de su investigaci\u00f3n y que Univalle es tambi\u00e9n una de las universidades que mejor desempe\u00f1o tiene en acreditaci\u00f3n institucional de alta calidad. \u201cContamos con el mayor n\u00famero de programas, sobre todo en el pregrado donde buena parte est\u00e1n certificados por su calidad y venimos por varios a\u00f1os acompa\u00f1ando junto con el Ministerio de Educaci\u00f3n a universidades de menor desarrollo, tanto p\u00fablicas como privadas, para que construyan la misma senda de calidad que nuestra universidad ha logrado\u201d.<\/p>\n<p>Se declar\u00f3 complacido en calidad de Rector de que la Universidad es la instituci\u00f3n de educaci\u00f3n superior con el mejor bienestar universitario del pa\u00eds. \u201cM\u00e1s del 14% del presupuesto de nuestra universidad se dedica a temas de bienestar para profesores, estudiantes y funcionarios. La norma legal habla de un m\u00ednimo del 2% del presupuesto para este fin y aqu\u00ed superamos con creces este requisito\u201d.<\/p>\n<p>Resalt\u00f3 el esfuerzo en los \u00faltimos a\u00f1os por mejorar la ejecuci\u00f3n de la inversi\u00f3n. \u201cEste coliseo es prueba de ello. Hemos hecho adecuaciones muy significativas para el mejoramiento de esta infraestructura donde hacemos peri\u00f3dicamente eventos. Aqu\u00ed en Mel\u00e9ndez hay 22 hect\u00e1reas de terreno dedicadas al \u00e1rea deportiva del campus, recuperamos la piscina y el \u00e1rea del gimnasio de nuestra ciudadela universitaria de Mel\u00e9ndez, acabamos de terminar la construcci\u00f3n del nuevo Centro Deportivo Universitario del campus de San Fernando que qued\u00f3 muy bien dotado y estamos avanzando en la modernizaci\u00f3n de la infraestructura de las distintas sedes regionales\u201d.<\/p>\n<p>Habl\u00f3 de la recuperaci\u00f3n de auditorios y salones de clase y anunci\u00f3 la pr\u00f3xima inauguraci\u00f3n del nuevo edificio de sistemas ciencias de la computaci\u00f3n perteneciente a la Facultad de Ingenier\u00eda. \u201cTerminamos y dotamos el multitaller donde tambi\u00e9n se ofrecen clases, y en general, hemos logrado mejorar la capacidad de ejecuci\u00f3n de obras de la Universidad\u201d.<\/p>\n<p>Siempre las necesidades ser\u00e1n superiores a los recursos, pero tengan la convicci\u00f3n de que desde la rector\u00eda y de los consejos Acad\u00e9mico y Superior venimos haciendo un esfuerzo importante para que la calidad acad\u00e9mica sea soportada con buena infraestructura para que la calidad de la formaci\u00f3n de nuestros estudiantes y preparaci\u00f3n de nuestros profesores.<\/p>\n<p>El profesor Varela record\u00f3 que la Universidad cuenta con una pol\u00edtica integral de formaci\u00f3n conocida como reforma curricular de la cual los nuevos estudiantes ser\u00e1n beneficiarios. \u201cTambi\u00e9n ofrecemos un programa de acompa\u00f1amiento para estudiantes que ingresan a la universidad con el fin de mejorar la permanencia y una pol\u00edtica considerada como una de las m\u00e1s exitosas de Colombia y para garantizar el ingreso y permanencia de estudiantes provenientes de minor\u00edas tales como las comunidades ind\u00edgenas, afro y v\u00edctimas del conflicto que tienen aqu\u00ed condiciones favorables para la admisi\u00f3n. Dijo que son 1.300 nuevos estudiantes hombres. 964 mujeres quienes ingresan a la universidad. En esta ocasi\u00f3n 1.540 provienen de colegios p\u00fablicos y 724 de colegios privados.<\/p>\n<p>\u201cEsto demuestra el criterio de inclusi\u00f3n que aplica nuestra universidad conjuntamente con el resto de las universidades colombianas. Soy optimista de que en el a\u00f1o 2019 se podr\u00e1n consolidar los acuerdos establecidos en 2018 y de que es positivo para la estabilidad del sector, el acuerdo firmado la semana pasada entre el ministerio de educaci\u00f3n y la federaci\u00f3n colombiana de educadores FECODE, que agrupa a los maestros de la primaria y la secundaria, que al igual c\u00f3mo se hizo con las universidades en diciembre de 2016, garantiza m\u00e1s recursos desde el sistema general de participaciones y ofrece una mejor gobernabilidad de todo el sector educativo y de ciencia y tecnolog\u00eda\u201d.<\/p>\n<p>El rector Varela puntualiz\u00f3 que, en buena medida, es el resultado de la movilizaci\u00f3n universitaria, de la defensa de la educaci\u00f3n superior y de la educaci\u00f3n b\u00e1sica y media p\u00fablica como un valor patrimonial que los colombianos deben reivindicar para construir pa\u00eds.<\/p>\n<p>\u201cEste pa\u00eds debe seguir avanzando en la consolidaci\u00f3n de la paz, evitar la polarizaci\u00f3n y hacer que el di\u00e1logo y el debate razonada sean nuestras banderas, condenar todo tipo de violencia y generar una cultura de tolerancia, pluralismo e inclusi\u00f3n que deben caracterizar a una universidad p\u00fablica de excelencia. Les doy cordialmente, en nombre del profesorado y de los directivos la bienvenida a la que ser\u00e1 su Alma M\u00e1ter durante los pr\u00f3ximos a\u00f1os\u201d, concluy\u00f3.<\/p>\n<\/div>\n","protected":false},"excerpt":{"rendered":"<p>Agencia de Noticias Univalle En un evento que reuni\u00f3 a cientos de estudiantes que ingresan a la Universidad del Valle, el rector Edgar Varela Barrios les dio la bienvenida a los j\u00f3venes que a partir de ahora har\u00e1n parte de programas como Trabajo Social, Biolog\u00eda, Medicina, Ingenier\u00eda y Econom\u00eda, entre[&#8230;]<\/p>\n","protected":false},"author":1,"featured_media":21108,"comment_status":"open","ping_status":"open","sticky":false,"template":"","format":"standard","meta":{"footnotes":""},"categories":[4],"tags":[],"_links":{"self":[{"href":"https:\/\/emisora.univalle.edu.co\/index.php\/wp-json\/wp\/v2\/posts\/21107"}],"collection":[{"href":"https:\/\/emisora.univalle.edu.co\/index.php\/wp-json\/wp\/v2\/posts"}],"about":[{"href":"https:\/\/emisora.univalle.edu.co\/index.php\/wp-json\/wp\/v2\/types\/post"}],"author":[{"embeddable":true,"href":"https:\/\/emisora.univalle.edu.co\/index.php\/wp-json\/wp\/v2\/users\/1"}],"replies":[{"embeddable":true,"href":"https:\/\/emisora.univalle.edu.co\/index.php\/wp-json\/wp\/v2\/comments?post=21107"}],"version-history":[{"count":1,"href":"https:\/\/emisora.univalle.edu.co\/index.php\/wp-json\/wp\/v2\/posts\/21107\/revisions"}],"predecessor-version":[{"id":21109,"href":"https:\/\/emisora.univalle.edu.co\/index.php\/wp-json\/wp\/v2\/posts\/21107\/revisions\/21109"}],"wp:featuredmedia":[{"embeddable":true,"href":"https:\/\/emisora.univalle.edu.co\/index.php\/wp-json\/wp\/v2\/media\/21108"}],"wp:attachment":[{"href":"https:\/\/emisora.univalle.edu.co\/index.php\/wp-json\/wp\/v2\/media?parent=21107"}],"wp:term":[{"taxonomy":"category","embeddable":true,"href":"https:\/\/emisora.univalle.edu.co\/index.php\/wp-json\/wp\/v2\/categories?post=21107"},{"taxonomy":"post_tag","embeddable":true,"href":"https:\/\/emisora.univalle.edu.co\/index.php\/wp-json\/wp\/v2\/tags?post=21107"}],"curies":[{"name":"wp","href":"https:\/\/api.w.org\/{rel}","templated":true}]}}