{"id":21113,"date":"2019-05-27T15:50:56","date_gmt":"2019-05-27T20:50:56","guid":{"rendered":"https:\/\/emisora.univalle.edu.co\/?p=21113"},"modified":"2019-05-27T15:50:56","modified_gmt":"2019-05-27T20:50:56","slug":"viernes-de-letras-con-mauricio-domenici","status":"publish","type":"post","link":"https:\/\/emisora.univalle.edu.co\/index.php\/viernes-de-letras-con-mauricio-domenici\/","title":{"rendered":"Viernes de Letras con Mauricio Domenici"},"content":{"rendered":"<p><span class=\"authorPost\">Agencia de Noticias Univalle<\/span><\/p>\n<div class=\"itemFullText\">\n<p>El dramaturgo, docente e investigador del Departamento de Artes Esc\u00e9nicas Mauricio Domenici es el invitado a la siguiente sesi\u00f3n de Viernes de Letras, programa permanente de la Escuela de Estudios Literarios de la Universidad del Valle.<\/p>\n<p>Este investigador presentar\u00e1 la conferencia \u201cEl teatro de creaci\u00f3n colectiva en Colombia\u201d, este viernes 31 de mayo, a las 6:00 p.m., en el Auditorio \u00c1ngel Zapata de la Biblioteca Mario Carvajal, Campus de Mel\u00e9ndez.<\/p>\n<p>El profesor Mauricio Domenici estar\u00e1 conversando con Gabriel Uribe, tambi\u00e9n docente del Departamento de Artes Esc\u00e9nicas. El maestro Domenici ser\u00e1 presentado por el estudiante \u00d3scar Obando.<\/p>\n<p>Como parte de esta sesi\u00f3n de Viernes de Letras se realizar\u00e1 el lanzamiento del octavo n\u00famero de la revista Lexikalia.<\/p>\n<p>Mauricio Domenici es dramaturgo, docente e investigador nacido en Cali. Mag\u00edster en Literatura Colombiana y Latinoamericana por la Universidad del Valle.<\/p>\n<p>Entre sus obras y trabajos m\u00e1s importantes se destacan los libros de investigaci\u00f3n: \u00abEl teatro de Jorge Isaacs\u00bb (2005), \u00abCampus esc\u00e9nico\u00bb (2012), \u00ab1948: El fracaso de una utop\u00eda popular\u00bb (2015) y \u00abLa creaci\u00f3n colectiva y la utop\u00eda insurreccional\u00bb (2018); los art\u00edculos: \u00abUn arte contempor\u00e1neo con ra\u00edces: entrevista con \u00c1lvaro Restrepo\u00bb (1994), \u00abEl cr\u00edtico: verdugo impune\u00bb (1994), \u00abLa dramaturgia de Antonio \u00c1lvarez Lleras\u00bb (2006) y \u00abNayra o el teatro de la religiosidad popular: rese\u00f1a cr\u00edtica del \u00daltimo montaje del Grupo de Teatro La Candelaria\u00bb (2006); y el montaje de las obras: \u00abEl mar de Andr\u00e9s Caicedo\u00bb (1997), \u00abLa traba de los a\u00f1os sesenta de Gonzalo Arango y otros poetas nada\u00edstas\u00bb (1997) y \u00ab1948: El Fracaso de una utop\u00eda popular\u00bb (2013).<\/p>\n<\/div>\n","protected":false},"excerpt":{"rendered":"<p>Agencia de Noticias Univalle El dramaturgo, docente e investigador del Departamento de Artes Esc\u00e9nicas Mauricio Domenici es el invitado a la siguiente sesi\u00f3n de Viernes de Letras, programa permanente de la Escuela de Estudios Literarios de la Universidad del Valle. Este investigador presentar\u00e1 la conferencia \u201cEl teatro de creaci\u00f3n colectiva[&#8230;]<\/p>\n","protected":false},"author":1,"featured_media":21114,"comment_status":"open","ping_status":"open","sticky":false,"template":"","format":"standard","meta":{"footnotes":""},"categories":[4],"tags":[],"_links":{"self":[{"href":"https:\/\/emisora.univalle.edu.co\/index.php\/wp-json\/wp\/v2\/posts\/21113"}],"collection":[{"href":"https:\/\/emisora.univalle.edu.co\/index.php\/wp-json\/wp\/v2\/posts"}],"about":[{"href":"https:\/\/emisora.univalle.edu.co\/index.php\/wp-json\/wp\/v2\/types\/post"}],"author":[{"embeddable":true,"href":"https:\/\/emisora.univalle.edu.co\/index.php\/wp-json\/wp\/v2\/users\/1"}],"replies":[{"embeddable":true,"href":"https:\/\/emisora.univalle.edu.co\/index.php\/wp-json\/wp\/v2\/comments?post=21113"}],"version-history":[{"count":1,"href":"https:\/\/emisora.univalle.edu.co\/index.php\/wp-json\/wp\/v2\/posts\/21113\/revisions"}],"predecessor-version":[{"id":21115,"href":"https:\/\/emisora.univalle.edu.co\/index.php\/wp-json\/wp\/v2\/posts\/21113\/revisions\/21115"}],"wp:featuredmedia":[{"embeddable":true,"href":"https:\/\/emisora.univalle.edu.co\/index.php\/wp-json\/wp\/v2\/media\/21114"}],"wp:attachment":[{"href":"https:\/\/emisora.univalle.edu.co\/index.php\/wp-json\/wp\/v2\/media?parent=21113"}],"wp:term":[{"taxonomy":"category","embeddable":true,"href":"https:\/\/emisora.univalle.edu.co\/index.php\/wp-json\/wp\/v2\/categories?post=21113"},{"taxonomy":"post_tag","embeddable":true,"href":"https:\/\/emisora.univalle.edu.co\/index.php\/wp-json\/wp\/v2\/tags?post=21113"}],"curies":[{"name":"wp","href":"https:\/\/api.w.org\/{rel}","templated":true}]}}