{"id":21120,"date":"2019-05-31T13:21:28","date_gmt":"2019-05-31T18:21:28","guid":{"rendered":"https:\/\/emisora.univalle.edu.co\/?p=21120"},"modified":"2019-05-31T13:21:28","modified_gmt":"2019-05-31T18:21:28","slug":"emprendedores-se-capacitaron-con-univalle","status":"publish","type":"post","link":"https:\/\/emisora.univalle.edu.co\/index.php\/emprendedores-se-capacitaron-con-univalle\/","title":{"rendered":"Emprendedores se capacitaron con Univalle"},"content":{"rendered":"<p><span class=\"authorPost\">Agencia de Noticias Univalle<\/span><\/p>\n<div class=\"itemFullText\">\n<p>El Auditorio Diego Garc\u00e9s Giraldo de la Biblioteca Departamental fue el escenario en el que por m\u00e1s de 3 horas, 127 personas tuvieron la oportunidad de recibir capacitaci\u00f3n sobre los temas m\u00e1s importantes que se deben tener en cuenta a la hora de crear empresa.<\/p>\n<p>Esta jornada de conferencias sobre registro de marca, derechos de autor, facturaci\u00f3n electr\u00f3nica y formalizaci\u00f3n de empresas, se realiz\u00f3 el pasado 29 de mayo como parte del evento UV \u00c1GORA del Programa Emprendedores Univalle.<\/p>\n<p>En la jornada participaron profesionales como Claudia Botina, gestora en el Centro de Apoyo a la Tecnolog\u00eda y a la Innovaci\u00f3n \u2013 CATI; Lorena Correa, administradora de Negocios y Mag\u00edster en Ingenier\u00eda Humana; Marlene Riascos, administradora de Empresas, Mag\u00edster en Administraci\u00f3n y Especialista en Econom\u00eda Solidaria; y Jorge Armando Chanchi R\u00edos, licenciado en Biolog\u00eda y Qu\u00edmica con especializaci\u00f3n en Marketing Internacional.<\/p>\n<p>En la conferencia se enfatiz\u00f3 sobre la propiedad intelectual e industrial y en el soporte que el Centro de Apoyo a la Tecnolog\u00eda y a la Innovaci\u00f3n \u2013 CATI le brinda a las micro, peque\u00f1as y medianas empresas, a inventores, investigadores, centros de investigaci\u00f3n y universidades, facilitando el acceso a informaci\u00f3n tecnol\u00f3gica y fomentando la capacidad para utilizar esa informaci\u00f3n eficazmente en favor de la innovaci\u00f3n y el crecimiento econ\u00f3mico del pa\u00eds.<\/p>\n<p>Recordemos que UV \u00c1gora es el espacio que la Universidad del Valle ha dise\u00f1ado para apoyar y fortalecer a toda la comunidad de emprendedores y empresarios de la regi\u00f3n. Es el lugar en donde converge toda la comunidad emprendedora para hacer conexiones y fortalecer sus negocios.<\/p>\n<p><strong>Informes:<\/strong>\u00a0<span id=\"cloak52ef49ae3ade77e66315b36aeb3e8ed5\"><a href=\"mailto:programa.emprendedores@correounivalle.edu.co\">programa.emprendedores@correounivalle.edu.co<\/a><\/span><br \/>\nTel\u00e9fono 3212100 Ext. 2884.<br \/>\nTambi\u00e9n contamos con un enlace v\u00eda WhatsApp:\u00a0<a href=\"http:\/\/bit.ly\/2AocGdr\">http:\/\/bit.ly\/2AocGdr<\/a><\/p>\n<\/div>\n","protected":false},"excerpt":{"rendered":"<p>Agencia de Noticias Univalle El Auditorio Diego Garc\u00e9s Giraldo de la Biblioteca Departamental fue el escenario en el que por m\u00e1s de 3 horas, 127 personas tuvieron la oportunidad de recibir capacitaci\u00f3n sobre los temas m\u00e1s importantes que se deben tener en cuenta a la hora de crear empresa. Esta[&#8230;]<\/p>\n","protected":false},"author":1,"featured_media":21121,"comment_status":"open","ping_status":"open","sticky":false,"template":"","format":"standard","meta":{"footnotes":""},"categories":[4],"tags":[],"_links":{"self":[{"href":"https:\/\/emisora.univalle.edu.co\/index.php\/wp-json\/wp\/v2\/posts\/21120"}],"collection":[{"href":"https:\/\/emisora.univalle.edu.co\/index.php\/wp-json\/wp\/v2\/posts"}],"about":[{"href":"https:\/\/emisora.univalle.edu.co\/index.php\/wp-json\/wp\/v2\/types\/post"}],"author":[{"embeddable":true,"href":"https:\/\/emisora.univalle.edu.co\/index.php\/wp-json\/wp\/v2\/users\/1"}],"replies":[{"embeddable":true,"href":"https:\/\/emisora.univalle.edu.co\/index.php\/wp-json\/wp\/v2\/comments?post=21120"}],"version-history":[{"count":1,"href":"https:\/\/emisora.univalle.edu.co\/index.php\/wp-json\/wp\/v2\/posts\/21120\/revisions"}],"predecessor-version":[{"id":21122,"href":"https:\/\/emisora.univalle.edu.co\/index.php\/wp-json\/wp\/v2\/posts\/21120\/revisions\/21122"}],"wp:featuredmedia":[{"embeddable":true,"href":"https:\/\/emisora.univalle.edu.co\/index.php\/wp-json\/wp\/v2\/media\/21121"}],"wp:attachment":[{"href":"https:\/\/emisora.univalle.edu.co\/index.php\/wp-json\/wp\/v2\/media?parent=21120"}],"wp:term":[{"taxonomy":"category","embeddable":true,"href":"https:\/\/emisora.univalle.edu.co\/index.php\/wp-json\/wp\/v2\/categories?post=21120"},{"taxonomy":"post_tag","embeddable":true,"href":"https:\/\/emisora.univalle.edu.co\/index.php\/wp-json\/wp\/v2\/tags?post=21120"}],"curies":[{"name":"wp","href":"https:\/\/api.w.org\/{rel}","templated":true}]}}