{"id":21123,"date":"2019-05-31T13:23:07","date_gmt":"2019-05-31T18:23:07","guid":{"rendered":"https:\/\/emisora.univalle.edu.co\/?p=21123"},"modified":"2019-05-31T13:23:07","modified_gmt":"2019-05-31T18:23:07","slug":"arranca-temporada-de-teatro","status":"publish","type":"post","link":"https:\/\/emisora.univalle.edu.co\/index.php\/arranca-temporada-de-teatro\/","title":{"rendered":"Arranca temporada de teatro"},"content":{"rendered":"<p><span class=\"authorPost\">Agencia de Noticias Univalle<\/span><\/p>\n<div class=\"itemFullText\">\n<p>Desde el mi\u00e9rcoles 29 de mayo y hasta el 3 de junio, m\u00e1s de 200 artistas se reunir\u00e1n en la capital del Valle en el Festival Internacional de Teatro de Cali 2019, que contar\u00e1 con 34 espect\u00e1culos de 32 grupos teatrales provenientes de Argentina, Chile, Espa\u00f1a, Uruguay y Colombia, que podr\u00e1n verse en m\u00e1s de 30 espacios de la ciudad.<\/p>\n<p>El Departamento de Artes Esc\u00e9nicas de la Universidad del Valle se une a la programaci\u00f3n del Festival, con la presentaci\u00f3n de la obra de teatro \u201cEl vuelo de la alondra: un ibsen pasado por el cuerpo\u201d del Colectivo Voces del Cuerpo y bajo la direcci\u00f3n de Armando Collazos, profesor del Departamento. Adem\u00e1s, la Universidad servir\u00e1 como escenario para un conversatorio con el dramaturgo argentino Mauricio Kartun, uno de los invitados internacionales del Festival, y la presentaci\u00f3n de la obra de teatro \u00abLa incre\u00edble y triste historia de la C\u00e1ndida Er\u00e9ndira y su abuela desalmada\u00bb del grupo nacional Acto Teatro, con la adaptaci\u00f3n y direcci\u00f3n de John Mario Rivera.<\/p>\n<p><strong>Las obras:<\/strong><\/p>\n<p><strong>La incre\u00edble y triste historia de la C\u00e1ndida Er\u00e9ndira y su abuela desalmada<\/strong><\/p>\n<p>Adaptaci\u00f3n del cuento hom\u00f3nimo de Gabriel Garc\u00eda M\u00e1rquez, esta historia es un reflejo de la sociedad actual: el libertinaje de la corrupci\u00f3n, la esclavitud, la violencia, la prostituci\u00f3n infantil y c\u00f3mo los seres humanos encadenamos la inocencia de los dem\u00e1s con nuestros actos. Er\u00e9ndira es el s\u00edmbolo del deseo de libertad, del silencio continuo que no les permite hablar y expresar lo que sienten, pero es tambi\u00e9n un tributo a todos los ni\u00f1os v\u00edctimas de la violencia en el mundo.<\/p>\n<p>Acto Teatro recoge en este trabajo el realismo m\u00e1gico del autor, aport\u00e1ndole ciertas dosis de humor e im\u00e1genes on\u00edricas, que acompa\u00f1ar\u00e1n a Er\u00e9ndida en los distintos pasajes de su explotaci\u00f3n y huida hacia la libertad.<\/p>\n<p><strong>El Vuelo de la Alondra: un Ibsen pasado por el cuerpo<\/strong><\/p>\n<p>Adaptaci\u00f3n de Casa de mu\u00f1ecas, de Henrik Ibsen, entendida como una provocaci\u00f3n hacia la emancipaci\u00f3n del ser humano, encarnada en este caso en Nora, personaje al que el colectivo evita reducir al t\u00f3pico y recurrente enfoque feminista, para ampliarlo en visiones y posibilidades, en pro de la voz de su autor, quien reclama la toma de conciencia y el ejercicio de una actitud valiente como la de Nora, quien motivada por su rebeld\u00eda e inconformidad fue capaz, en esta versi\u00f3n, de alzar el vuelo a pesar de lo incierto de otros cielos.<\/p>\n<p>Si en Casa de mu\u00f1ecas la relaci\u00f3n de sus personajes est\u00e1 sustentada en lo textual, en El vuelo de la alondra, son la danza y el arte del cuerpo como instrumentos los canales para comunicar esa intenci\u00f3n discursiva.<\/p>\n<p>El Festival Internacional de Teatro de Cali naci\u00f3 desde el a\u00f1o 2016 como un festival p\u00fablico y es organizado por la Secretar\u00eda de Cultura de Santiago de Cali, en concertaci\u00f3n con el sector teatral cale\u00f1o.<\/p>\n<p>&nbsp;<\/p>\n<p><strong>Programaci\u00f3n:<\/strong><\/p>\n<p><strong>Jueves 30 de mayo<\/strong><\/p>\n<p><strong>Conversatorio con el dramaturgo argentino Mauricio Kartun<\/strong><br \/>\nSala de Teatro Univalle (Auditorio 4)<br \/>\n2:00 pm<\/p>\n<p>&nbsp;<\/p>\n<p><strong>S\u00e1bado 01 de junio<\/strong><\/p>\n<p><strong>Obra: \u00abLa Triste historia de la C\u00e1ndida Er\u00e9ndira y su abuela desalmada\u00bb<\/strong><br \/>\nGrupo Acto Teatro<br \/>\nAdaptaci\u00f3n y Direcci\u00f3n de John Mario Rivera<br \/>\nSala de Teatro Univalle (Auditorio 4)<br \/>\n5:00 pm<\/p>\n<p>&nbsp;<\/p>\n<p><strong>Domingo 02 de junio<\/strong><\/p>\n<p><strong>Obra: \u00abEl Vuelo de la Alondra\u00bb<\/strong><br \/>\nDirecci\u00f3n Armando Collazos<br \/>\nTeatro la M\u00e1scara<br \/>\n6:30 pm<\/p>\n<\/div>\n","protected":false},"excerpt":{"rendered":"<p>Agencia de Noticias Univalle Desde el mi\u00e9rcoles 29 de mayo y hasta el 3 de junio, m\u00e1s de 200 artistas se reunir\u00e1n en la capital del Valle en el Festival Internacional de Teatro de Cali 2019, que contar\u00e1 con 34 espect\u00e1culos de 32 grupos teatrales provenientes de Argentina, Chile, Espa\u00f1a,[&#8230;]<\/p>\n","protected":false},"author":1,"featured_media":21124,"comment_status":"open","ping_status":"open","sticky":false,"template":"","format":"standard","meta":{"footnotes":""},"categories":[4],"tags":[],"_links":{"self":[{"href":"https:\/\/emisora.univalle.edu.co\/index.php\/wp-json\/wp\/v2\/posts\/21123"}],"collection":[{"href":"https:\/\/emisora.univalle.edu.co\/index.php\/wp-json\/wp\/v2\/posts"}],"about":[{"href":"https:\/\/emisora.univalle.edu.co\/index.php\/wp-json\/wp\/v2\/types\/post"}],"author":[{"embeddable":true,"href":"https:\/\/emisora.univalle.edu.co\/index.php\/wp-json\/wp\/v2\/users\/1"}],"replies":[{"embeddable":true,"href":"https:\/\/emisora.univalle.edu.co\/index.php\/wp-json\/wp\/v2\/comments?post=21123"}],"version-history":[{"count":1,"href":"https:\/\/emisora.univalle.edu.co\/index.php\/wp-json\/wp\/v2\/posts\/21123\/revisions"}],"predecessor-version":[{"id":21125,"href":"https:\/\/emisora.univalle.edu.co\/index.php\/wp-json\/wp\/v2\/posts\/21123\/revisions\/21125"}],"wp:featuredmedia":[{"embeddable":true,"href":"https:\/\/emisora.univalle.edu.co\/index.php\/wp-json\/wp\/v2\/media\/21124"}],"wp:attachment":[{"href":"https:\/\/emisora.univalle.edu.co\/index.php\/wp-json\/wp\/v2\/media?parent=21123"}],"wp:term":[{"taxonomy":"category","embeddable":true,"href":"https:\/\/emisora.univalle.edu.co\/index.php\/wp-json\/wp\/v2\/categories?post=21123"},{"taxonomy":"post_tag","embeddable":true,"href":"https:\/\/emisora.univalle.edu.co\/index.php\/wp-json\/wp\/v2\/tags?post=21123"}],"curies":[{"name":"wp","href":"https:\/\/api.w.org\/{rel}","templated":true}]}}