{"id":21127,"date":"2019-06-07T11:47:15","date_gmt":"2019-06-07T16:47:15","guid":{"rendered":"https:\/\/emisora.univalle.edu.co\/?p=21127"},"modified":"2019-06-07T11:47:15","modified_gmt":"2019-06-07T16:47:15","slug":"nuevo-decano-de-la-facultad-de-artes-integradas","status":"publish","type":"post","link":"https:\/\/emisora.univalle.edu.co\/index.php\/nuevo-decano-de-la-facultad-de-artes-integradas\/","title":{"rendered":"Nuevo Decano de la Facultad de Artes Integradas"},"content":{"rendered":"<p><span class=\"authorPost\">Agencia de Noticias Univalle<\/span><\/p>\n<div class=\"itemFullText\">\n<p>Ante el rector de la Universidad del Valle Edgar Varela Barrios se posesion\u00f3 el nuevo decano de la Facultad de Artes Integradas Luis Javier Echeverri V\u00e9lez.<\/p>\n<p>El acto de posesi\u00f3n tuvo lugar este jueves 6 de junio, en el Campus de San Fernando.<\/p>\n<p>El rector manifest\u00f3 al nuevo decano su respaldo y enfatiz\u00f3 su apoyo en la gesti\u00f3n de los recursos para la culminaci\u00f3n de la planta f\u00edsica de la Facultad. Igualmente resalt\u00f3 la importancia de la creaci\u00f3n de un Doctorado en Artes, el fortalecimiento de los convenios con entidades culturales de la ciudad, como Proartes y el Museo La Tertulia; la continuidad en la gesti\u00f3n de los proyectos de extensi\u00f3n con entidades gubernamentales, que contribuyan al desarrollo y fortalezcan el v\u00ednculo con la sociedad y finalmente la ampliaci\u00f3n de la oferta acad\u00e9mica de pregrado.<\/p>\n<p>El profesor Echeverri V\u00e9lez es arquitecto de la Universidad del Valle, especialista en Pedagog\u00eda del Dise\u00f1o de la Universidad Nacional de Colombia de Bogot\u00e1 y estudiante de la Maestr\u00eda en Arquitectura y Urbanismo en la l\u00ednea de Arquitectura Bioclim\u00e1tica de la Universidad del Valle. Su trabajo ha girado en torno a la docencia, la administraci\u00f3n universitaria, la arquitectura y el dise\u00f1o.<\/p>\n<p>Sus propuestas de trabajo se centran en atender las necesidades de infraestructura f\u00edsica de la Facultad de Artes Integradas desde dos niveles de decisi\u00f3n: la culminaci\u00f3n del proyecto arquitect\u00f3nico de la FAI y determinar las obras espec\u00edficas de mantenimiento, actualizaci\u00f3n, construcci\u00f3n y planificaci\u00f3n.<\/p>\n<p>En la actualizaci\u00f3n curricular y pol\u00edtica acad\u00e9mica enfatizar\u00e1 en una actualizaci\u00f3n de las estructuras curriculares que adem\u00e1s de poner su acento en una formaci\u00f3n desde el estudiante, le permita a docentes y estudiantes reinventar desde la mirada interdisciplinar sus did\u00e1cticas y pr\u00e1cticas acad\u00e9micas.<\/p>\n<p>As\u00ed mismo, el nuevo decano manifest\u00f3 la importancia de que el funcionamiento de los posgrados sea asumido de manera central por la facultad, integrado en un sistema que los acoja en lo acad\u00e9mico, lo log\u00edstico, y lo f\u00edsico. Para el profesor es vital que exista un sistema de investigaciones a nivel de facultad que atempere las exigencias de Colciencias, con la adecuada valoraci\u00f3n del producto art\u00edstico, redise\u00f1ando la resoluci\u00f3n respectiva.<\/p>\n<p>Por \u00faltimo, resalt\u00f3 que continuar\u00e1 apoyando el trabajo que se ha venido liderando desde la Vicerrector\u00eda de Bienestar Universitario y las facultades de Humanidades y Artes Integradas, en la consolidaci\u00f3n de una pol\u00edtica cultural de la Universidad, que busca posicionar a la Universidad del Valle como el proyecto cultural m\u00e1s importante de la regi\u00f3n.<\/p>\n<p>Luis Javier Echeverri V\u00e9lez es profesor titular de la Escuela de Arquitectura desde 1979. Su inter\u00e9s acad\u00e9mico ha estado centrado en la percepci\u00f3n visual, el dise\u00f1o b\u00e1sico, la expresi\u00f3n gr\u00e1fica y la imagen digital. Posee gran habilidad en el dibujo a mano alzada y el manejo de los principales paquetes inform\u00e1ticos para dise\u00f1o y dibujo. En la docencia ha ocupado c\u00e1tedras para los planes de estudio de Arquitectura, Dise\u00f1o, Teatro y Comunicaci\u00f3n Social.<\/p>\n<p>Lidera el grupo de investigaci\u00f3n en Representaci\u00f3n y Arquitectura, dedicado al desarrollo de los temas asociados a los procesos de representaci\u00f3n del espacio arquitect\u00f3nico y sus implicaciones de car\u00e1cter te\u00f3rico, t\u00e9cnico y est\u00e9tico.<\/p>\n<p>Igualmente ha desempe\u00f1ado una importante carrera administrativa en la Facultad de Artes Integradas. Fue Jefe del Departamento de Dise\u00f1o y Director del Programa Acad\u00e9mico de Arquitectura. Entre los a\u00f1os 2005 y 2012 fue Director de la Escuela de Arquitectura y se desempe\u00f1\u00f3 como Vicedecano Acad\u00e9mico entre 2013 y 2016.<\/p>\n<p>Ha desarrollado paralelamente una pr\u00e1ctica profesional en dise\u00f1o, especialmente en identificaci\u00f3n empresarial y se\u00f1alizaci\u00f3n arquitect\u00f3nica, con algunas incursiones en el dise\u00f1o de productos. El proyecto de se\u00f1alizaci\u00f3n para la Ciudad Universitaria de Mel\u00e9ndez obtuvo el Premio Nacional de Dise\u00f1o, otorgado por la Universidad del Valle en la convocatoria Premios Nacionales de Artes 1997.<\/p>\n<\/div>\n","protected":false},"excerpt":{"rendered":"<p>Agencia de Noticias Univalle Ante el rector de la Universidad del Valle Edgar Varela Barrios se posesion\u00f3 el nuevo decano de la Facultad de Artes Integradas Luis Javier Echeverri V\u00e9lez. El acto de posesi\u00f3n tuvo lugar este jueves 6 de junio, en el Campus de San Fernando. El rector manifest\u00f3[&#8230;]<\/p>\n","protected":false},"author":1,"featured_media":21128,"comment_status":"open","ping_status":"open","sticky":false,"template":"","format":"standard","meta":{"footnotes":""},"categories":[4],"tags":[],"_links":{"self":[{"href":"https:\/\/emisora.univalle.edu.co\/index.php\/wp-json\/wp\/v2\/posts\/21127"}],"collection":[{"href":"https:\/\/emisora.univalle.edu.co\/index.php\/wp-json\/wp\/v2\/posts"}],"about":[{"href":"https:\/\/emisora.univalle.edu.co\/index.php\/wp-json\/wp\/v2\/types\/post"}],"author":[{"embeddable":true,"href":"https:\/\/emisora.univalle.edu.co\/index.php\/wp-json\/wp\/v2\/users\/1"}],"replies":[{"embeddable":true,"href":"https:\/\/emisora.univalle.edu.co\/index.php\/wp-json\/wp\/v2\/comments?post=21127"}],"version-history":[{"count":1,"href":"https:\/\/emisora.univalle.edu.co\/index.php\/wp-json\/wp\/v2\/posts\/21127\/revisions"}],"predecessor-version":[{"id":21129,"href":"https:\/\/emisora.univalle.edu.co\/index.php\/wp-json\/wp\/v2\/posts\/21127\/revisions\/21129"}],"wp:featuredmedia":[{"embeddable":true,"href":"https:\/\/emisora.univalle.edu.co\/index.php\/wp-json\/wp\/v2\/media\/21128"}],"wp:attachment":[{"href":"https:\/\/emisora.univalle.edu.co\/index.php\/wp-json\/wp\/v2\/media?parent=21127"}],"wp:term":[{"taxonomy":"category","embeddable":true,"href":"https:\/\/emisora.univalle.edu.co\/index.php\/wp-json\/wp\/v2\/categories?post=21127"},{"taxonomy":"post_tag","embeddable":true,"href":"https:\/\/emisora.univalle.edu.co\/index.php\/wp-json\/wp\/v2\/tags?post=21127"}],"curies":[{"name":"wp","href":"https:\/\/api.w.org\/{rel}","templated":true}]}}