{"id":21137,"date":"2019-06-12T16:08:30","date_gmt":"2019-06-12T21:08:30","guid":{"rendered":"https:\/\/emisora.univalle.edu.co\/?p=21137"},"modified":"2019-06-12T16:08:30","modified_gmt":"2019-06-12T21:08:30","slug":"rector-varela-participara-en-encuentro-de-rectores-de-francia-y-colombia","status":"publish","type":"post","link":"https:\/\/emisora.univalle.edu.co\/index.php\/rector-varela-participara-en-encuentro-de-rectores-de-francia-y-colombia\/","title":{"rendered":"Rector Varela participar\u00e1 en Encuentro de Rectores de Francia y Colombia"},"content":{"rendered":"<p><span class=\"authorPost\">Agencia de Noticias Univalle<\/span><\/p>\n<div class=\"itemFullText\">\n<p><em>En un contexto de crecientes intercambios culturales, econ\u00f3micos, cient\u00edficos, tecnol\u00f3gicos y universitarios, la comunidad acad\u00e9mica, cient\u00edfica y el sector empresarial analizar\u00e1n el balance de la cooperaci\u00f3n franco-colombiana.<\/em><\/p>\n<p>Con el prop\u00f3sito de elaborar un balance de las acciones ya emprendidas y definir el plan de trabajo para los siguientes dos a\u00f1os, sectores de educaci\u00f3n superior y de investigaci\u00f3n se re\u00fanen en el V Encuentro de Rectores Francia &#8211; Colombia, que tendr\u00e1 lugar en Medell\u00edn, en la Universidad EAFIT, los d\u00edas 12 y 13 de junio de 2019.<\/p>\n<p>En esta oportunidad el evento se desarrolla en el marco de la \u201cCumbre colombo-francesa de educaci\u00f3n superior, investigaci\u00f3n e innovaci\u00f3n \u2013 COLIFR\u00cd 2019\u201d, iniciativa destinada a ampliar y fortalecer su cooperaci\u00f3n en \u00e1reas consideradas estrat\u00e9gicas para ambos pa\u00edses.<\/p>\n<p>Este encuentro bilateral, gestionado por la Asociaci\u00f3n Colombiana de Universidades llega a su quinta versi\u00f3n, propiciando la suscripci\u00f3n de m\u00e1s de 430 convenios de movilidad acad\u00e9mica,\u00a0especialmente de doble titulaci\u00f3n entre m\u00e1s de 150 instituciones de ambos pa\u00edses.<\/p>\n<p>Seg\u00fan datos de Campus France, cerca de 3750 estudiantes colombianos adelantan sus estudios en Francia, lo que representa un incremento del 50% en relaci\u00f3n con el a\u00f1o 2013,\u00a0gracias a beneficios otorgados por programas de la Embajada de Francia en Colombia, Ministerio de Educaci\u00f3n Nacional, Colciencias Colfuturo, Icetex, ministerios, universidades, entre otras organizaciones.<\/p>\n<p>El acto de apertura del encuentro rectoral se realizar\u00e1 el d\u00eda mi\u00e9rcoles 12 de junio en Medell\u00edn, en la Universidad EAFIT (bloque 38, auditorio 101), desde las 2:30 p.m., con la intervenci\u00f3n de los principales actores de los sistemas de educaci\u00f3n superior de ambos pa\u00edses y posteriormente se desarrollar\u00e1n dos conversatorios para hacer balance de la cooperaci\u00f3n acad\u00e9mica y cient\u00edfica franco colombiana y definir las perspectivas y desaf\u00edos.<\/p>\n<p>El d\u00eda jueves 13 de junio se establecer\u00e1 la hoja de ruta para los a\u00f1os 2019-2021 y se propiciar\u00e1 un espacio de relacionamiento de rectores para identificar nuevas alianzas estrat\u00e9gicas.<\/p>\n<p>Bajo este contexto se revisar\u00e1n estrategias para fomentar a los dos pa\u00edses como destinos educativos de tal manera que m\u00e1s franceses y colombianos se vinculen a los programas de estudio que ofrecen diferentes agentes de cooperaci\u00f3n.<\/p>\n<\/div>\n","protected":false},"excerpt":{"rendered":"<p>Agencia de Noticias Univalle En un contexto de crecientes intercambios culturales, econ\u00f3micos, cient\u00edficos, tecnol\u00f3gicos y universitarios, la comunidad acad\u00e9mica, cient\u00edfica y el sector empresarial analizar\u00e1n el balance de la cooperaci\u00f3n franco-colombiana. Con el prop\u00f3sito de elaborar un balance de las acciones ya emprendidas y definir el plan de trabajo para[&#8230;]<\/p>\n","protected":false},"author":1,"featured_media":21138,"comment_status":"open","ping_status":"open","sticky":false,"template":"","format":"standard","meta":{"footnotes":""},"categories":[4],"tags":[],"_links":{"self":[{"href":"https:\/\/emisora.univalle.edu.co\/index.php\/wp-json\/wp\/v2\/posts\/21137"}],"collection":[{"href":"https:\/\/emisora.univalle.edu.co\/index.php\/wp-json\/wp\/v2\/posts"}],"about":[{"href":"https:\/\/emisora.univalle.edu.co\/index.php\/wp-json\/wp\/v2\/types\/post"}],"author":[{"embeddable":true,"href":"https:\/\/emisora.univalle.edu.co\/index.php\/wp-json\/wp\/v2\/users\/1"}],"replies":[{"embeddable":true,"href":"https:\/\/emisora.univalle.edu.co\/index.php\/wp-json\/wp\/v2\/comments?post=21137"}],"version-history":[{"count":2,"href":"https:\/\/emisora.univalle.edu.co\/index.php\/wp-json\/wp\/v2\/posts\/21137\/revisions"}],"predecessor-version":[{"id":21140,"href":"https:\/\/emisora.univalle.edu.co\/index.php\/wp-json\/wp\/v2\/posts\/21137\/revisions\/21140"}],"wp:featuredmedia":[{"embeddable":true,"href":"https:\/\/emisora.univalle.edu.co\/index.php\/wp-json\/wp\/v2\/media\/21138"}],"wp:attachment":[{"href":"https:\/\/emisora.univalle.edu.co\/index.php\/wp-json\/wp\/v2\/media?parent=21137"}],"wp:term":[{"taxonomy":"category","embeddable":true,"href":"https:\/\/emisora.univalle.edu.co\/index.php\/wp-json\/wp\/v2\/categories?post=21137"},{"taxonomy":"post_tag","embeddable":true,"href":"https:\/\/emisora.univalle.edu.co\/index.php\/wp-json\/wp\/v2\/tags?post=21137"}],"curies":[{"name":"wp","href":"https:\/\/api.w.org\/{rel}","templated":true}]}}