{"id":21147,"date":"2019-06-18T12:28:46","date_gmt":"2019-06-18T17:28:46","guid":{"rendered":"https:\/\/emisora.univalle.edu.co\/?p=21147"},"modified":"2019-06-18T12:28:46","modified_gmt":"2019-06-18T17:28:46","slug":"medioambiente-mas-alla-de-lo-visible","status":"publish","type":"post","link":"https:\/\/emisora.univalle.edu.co\/index.php\/medioambiente-mas-alla-de-lo-visible\/","title":{"rendered":"\u201cMedioambiente m\u00e1s all\u00e1 de lo visible\u201d"},"content":{"rendered":"<p>Con el prop\u00f3sito de sensibilizar en materia medioambiental a personas con discapacidad visual, y promover el intercambio cultural, instituciones de Espa\u00f1a, Colombia y Rep\u00fablica Dominicana desarrollan el proyecto \u201cMedio ambiente m\u00e1s all\u00e1 de lo visible\u201d.<\/p>\n<p>\u201cUn espacio para transformar a personas con discapacidad visual en agentes activos para la protecci\u00f3n medioambiental y el desarrollo sostenible\u201d Milagros M\u00e9ndez, vocera Fundaci\u00f3n Ecol\u00f3gica Tropical.<\/p>\n<p><strong>Educaci\u00f3n ambiental e inclusi\u00f3n<\/strong><\/p>\n<p>El cambio clim\u00e1tico y las diferentes pr\u00e1cticas de consumo y producci\u00f3n est\u00e1n deteriorando progresivamente el planeta tierra. Desde diferentes frentes en Colombia como en el mundo se han creado estrategias para combatir los efectos de \u00e9ste fen\u00f3meno. Por \u00e9sta raz\u00f3n en los \u00faltimos a\u00f1os las personas con habilidades visuales diversas de forma aut\u00f3noma y organizada, demandan cada vez m\u00e1s actividades de sensibilizaci\u00f3n ambiental, pues se evidencia la necesidad de aportar al fortalecimiento de las herramientas pedag\u00f3gicas de quienes se dedican a la educaci\u00f3n ambiental.<\/p>\n<p><strong>\u00a0<\/strong><strong>Co-creaci\u00f3n pedag\u00f3gica<\/strong><\/p>\n<p><strong>\u00a0<\/strong>La iniciativa es fruto de la alianza entre la Fundaci\u00f3n Ecol\u00f3gica Tropical de Rep\u00fablica Dominicana y la Red Nacional de J\u00f3venes de Ambiente Nodo Valle de Colombia, en el marco del programa Traves\u00edas del Organismo Internacional de Juventud para Iberoam\u00e9rica (OIJ), con el objetivo de superar las barreras f\u00edsicas y de comunicaci\u00f3n de los materiales formativos en temas medioambientales destinados a personas con habilidades visuales diversas e incentivar la inclusi\u00f3n.<\/p>\n<p><strong>\u00a0<\/strong><strong>Desarrollo del proyecto <\/strong><\/p>\n<p><strong>\u00a0<\/strong>En su primera fase el proyecto realiz\u00f3 talleres piloto\u00a0 en coordinaci\u00f3n con la Asociaci\u00f3n de Ciegos del Cibao de Santiago de Caballeros, el pasado mes de mayo con la representaci\u00f3n de una voluntaria de la Red de J\u00f3venes de Ambiente, Nodo Cali.<\/p>\n<p>Las actividades de la segunda etapa del proyecto est\u00e1n pautadas para desarrollarse desde el <strong>17 al 20 de junio en la Biblioteca Departamental Jorge Garc\u00e9s Borrero de Cali<\/strong>, con la visita de una integrante de la Fundaci\u00f3n Ecol\u00f3gica Tropical, jornada en la que se ejecutar\u00e1 el ciclo de talleres para la comunidad con limitaci\u00f3n visual en los que podr\u00e1 participar cualquier persona que tenga dicha discapacidad, las tem\u00e1ticas programadas son: acceso y uso racional del agua, fauna y flora, adaptabilidad ante el cambio clim\u00e1tico, tratamiento de residuos s\u00f3lidos y el impacto de la disminuci\u00f3n de la cobertura boscosa.<\/p>\n<p><strong>Sostenibilidad<\/strong><\/p>\n<p>Todas las metodolog\u00edas y resultados se sistematizaron con el fin de elaborar una gu\u00eda interactiva de interpretaci\u00f3n ambiental que servir\u00e1 como herramienta pedag\u00f3gica para educadores y otros colectivos, garantizando la continuidad del proyecto y permitiendo que pueda ser replicado en cualquier otro lugar del mundo.<\/p>\n<p><strong>Informaci\u00f3n inscripciones:<\/strong><\/p>\n<p>Facebook &#8211; Red Nacional J\u00f3venes de Ambiente Nodo Valle<\/p>\n<p>Instagram &#8211; Rnjavalle<\/p>\n<p><a href=\"https:\/\/emisora.univalle.edu.co\/medioambiente-mas-alla-de-lo-visible\/60619936_2152702418162322_5845512002377613312_n\/\" rel=\"attachment wp-att-21148\"><img loading=\"lazy\" decoding=\"async\" class=\" wp-image-21148 aligncenter\" src=\"https:\/\/emisora.univalle.edu.co\/wp-content\/uploads\/2019\/06\/60619936_2152702418162322_5845512002377613312_n.jpg\" alt=\"\" width=\"498\" height=\"746\" srcset=\"https:\/\/emisora.univalle.edu.co\/wp-content\/uploads\/2019\/06\/60619936_2152702418162322_5845512002377613312_n.jpg 641w, https:\/\/emisora.univalle.edu.co\/wp-content\/uploads\/2019\/06\/60619936_2152702418162322_5845512002377613312_n-200x300.jpg 200w, https:\/\/emisora.univalle.edu.co\/wp-content\/uploads\/2019\/06\/60619936_2152702418162322_5845512002377613312_n-560x839.jpg 560w\" sizes=\"(max-width: 498px) 100vw, 498px\" \/><\/a><\/p>\n<p>&nbsp;<\/p>\n<p>&nbsp;<\/p>\n<p>&nbsp;<\/p>\n<p>&nbsp;<\/p>\n","protected":false},"excerpt":{"rendered":"<p>Con el prop\u00f3sito de sensibilizar en materia medioambiental a personas con discapacidad visual, y promover el intercambio cultural, instituciones de Espa\u00f1a, Colombia y Rep\u00fablica Dominicana desarrollan el proyecto \u201cMedio ambiente m\u00e1s all\u00e1 de lo visible\u201d. \u201cUn espacio para transformar a personas con discapacidad visual en agentes activos para la protecci\u00f3n[&#8230;]<\/p>\n","protected":false},"author":1,"featured_media":21149,"comment_status":"open","ping_status":"open","sticky":false,"template":"","format":"standard","meta":{"footnotes":""},"categories":[4],"tags":[],"_links":{"self":[{"href":"https:\/\/emisora.univalle.edu.co\/index.php\/wp-json\/wp\/v2\/posts\/21147"}],"collection":[{"href":"https:\/\/emisora.univalle.edu.co\/index.php\/wp-json\/wp\/v2\/posts"}],"about":[{"href":"https:\/\/emisora.univalle.edu.co\/index.php\/wp-json\/wp\/v2\/types\/post"}],"author":[{"embeddable":true,"href":"https:\/\/emisora.univalle.edu.co\/index.php\/wp-json\/wp\/v2\/users\/1"}],"replies":[{"embeddable":true,"href":"https:\/\/emisora.univalle.edu.co\/index.php\/wp-json\/wp\/v2\/comments?post=21147"}],"version-history":[{"count":2,"href":"https:\/\/emisora.univalle.edu.co\/index.php\/wp-json\/wp\/v2\/posts\/21147\/revisions"}],"predecessor-version":[{"id":21151,"href":"https:\/\/emisora.univalle.edu.co\/index.php\/wp-json\/wp\/v2\/posts\/21147\/revisions\/21151"}],"wp:featuredmedia":[{"embeddable":true,"href":"https:\/\/emisora.univalle.edu.co\/index.php\/wp-json\/wp\/v2\/media\/21149"}],"wp:attachment":[{"href":"https:\/\/emisora.univalle.edu.co\/index.php\/wp-json\/wp\/v2\/media?parent=21147"}],"wp:term":[{"taxonomy":"category","embeddable":true,"href":"https:\/\/emisora.univalle.edu.co\/index.php\/wp-json\/wp\/v2\/categories?post=21147"},{"taxonomy":"post_tag","embeddable":true,"href":"https:\/\/emisora.univalle.edu.co\/index.php\/wp-json\/wp\/v2\/tags?post=21147"}],"curies":[{"name":"wp","href":"https:\/\/api.w.org\/{rel}","templated":true}]}}