{"id":21152,"date":"2019-06-18T12:35:42","date_gmt":"2019-06-18T17:35:42","guid":{"rendered":"https:\/\/emisora.univalle.edu.co\/?p=21152"},"modified":"2019-06-18T12:35:42","modified_gmt":"2019-06-18T17:35:42","slug":"la-universidad-hoy-conflicto-y-paz","status":"publish","type":"post","link":"https:\/\/emisora.univalle.edu.co\/index.php\/la-universidad-hoy-conflicto-y-paz\/","title":{"rendered":"La Universidad Hoy: Conflicto y Paz"},"content":{"rendered":"<p><span class=\"authorPost\">Agencia de Noticias Univalle<\/span><\/p>\n<div class=\"itemFullText\">\n<p>El Movimiento Blanco y el Programa Institucional de Paz de la Universidad del Valle invitan al conversatorio La Universidad Hoy: Conflicto y paz, que se realizar\u00e1 este mi\u00e9rcoles 19 de junio, a las 2:30 p.m., en el auditorio 5, Campus de Mel\u00e9ndez.<\/p>\n<p>El conversatorio contar\u00e1 con la participaci\u00f3n de Ram\u00f3n Fayad, ex rector de Ia Universidad Nacional y Director del Centro de Pensamiento Camilo Torres.<\/p>\n<p>Junto a Fayad estar\u00e1 dialogando el profesor Carlos Humberto Ortiz Quevedo del Departamento de Econom\u00eda, quien adem\u00e1s es director del CIDSE y l\u00edder del Grupo de Investigaci\u00f3n \u00abDesarrollo Econ\u00f3mico, Crecimiento y Mercado Laboral\u00bb.<\/p>\n<p>Tambi\u00e9n participar\u00e1 Alejandro Bar\u00f3n, estudiante del Programa Acad\u00e9mico de Filosof\u00eda, quien se desempe\u00f1\u00f3 como Representante Estudiantil ante el Consejo Acad\u00e9mico de la universidad en el periodo 2016-2018; tambi\u00e9n ha sido coordinador del grupo estudiantil En Abstracto \u2013 Filosof\u00eda y Sociedad del Departamento de Filosof\u00eda.<\/p>\n<p>La Resoluci\u00f3n 1970 de 2016 de la Rector\u00eda aprob\u00f3 el Programa Institucional de Paz con el prop\u00f3sito de articular y visibilizar proyectos en relaci\u00f3n con la construcci\u00f3n de paz, la reconciliaci\u00f3n y el posconflicto. En particular, su compromiso inicia desde las actividades formativas, investigaci\u00f3n y proyecci\u00f3n social; sus aportes al an\u00e1lisis, la reflexi\u00f3n cr\u00edtica, el seguimiento y acompa\u00f1amiento de los procesos de puesta en marcha de los Acuerdos de Paz y de la construcci\u00f3n de la paz como compromiso colectivo.<\/p>\n<p>El Movimiento Blanco, una organizaci\u00f3n que surgi\u00f3 en noviembre de 2008 entre un grupo de docentes de la universidad y que hoy tambi\u00e9n incluye a estudiantes y empleados.<\/p>\n<p>&nbsp;<\/p>\n<\/div>\n","protected":false},"excerpt":{"rendered":"<p>Agencia de Noticias Univalle El Movimiento Blanco y el Programa Institucional de Paz de la Universidad del Valle invitan al conversatorio La Universidad Hoy: Conflicto y paz, que se realizar\u00e1 este mi\u00e9rcoles 19 de junio, a las 2:30 p.m., en el auditorio 5, Campus de Mel\u00e9ndez. El conversatorio contar\u00e1 con[&#8230;]<\/p>\n","protected":false},"author":1,"featured_media":21153,"comment_status":"open","ping_status":"open","sticky":false,"template":"","format":"standard","meta":{"footnotes":""},"categories":[4],"tags":[],"_links":{"self":[{"href":"https:\/\/emisora.univalle.edu.co\/index.php\/wp-json\/wp\/v2\/posts\/21152"}],"collection":[{"href":"https:\/\/emisora.univalle.edu.co\/index.php\/wp-json\/wp\/v2\/posts"}],"about":[{"href":"https:\/\/emisora.univalle.edu.co\/index.php\/wp-json\/wp\/v2\/types\/post"}],"author":[{"embeddable":true,"href":"https:\/\/emisora.univalle.edu.co\/index.php\/wp-json\/wp\/v2\/users\/1"}],"replies":[{"embeddable":true,"href":"https:\/\/emisora.univalle.edu.co\/index.php\/wp-json\/wp\/v2\/comments?post=21152"}],"version-history":[{"count":1,"href":"https:\/\/emisora.univalle.edu.co\/index.php\/wp-json\/wp\/v2\/posts\/21152\/revisions"}],"predecessor-version":[{"id":21154,"href":"https:\/\/emisora.univalle.edu.co\/index.php\/wp-json\/wp\/v2\/posts\/21152\/revisions\/21154"}],"wp:featuredmedia":[{"embeddable":true,"href":"https:\/\/emisora.univalle.edu.co\/index.php\/wp-json\/wp\/v2\/media\/21153"}],"wp:attachment":[{"href":"https:\/\/emisora.univalle.edu.co\/index.php\/wp-json\/wp\/v2\/media?parent=21152"}],"wp:term":[{"taxonomy":"category","embeddable":true,"href":"https:\/\/emisora.univalle.edu.co\/index.php\/wp-json\/wp\/v2\/categories?post=21152"},{"taxonomy":"post_tag","embeddable":true,"href":"https:\/\/emisora.univalle.edu.co\/index.php\/wp-json\/wp\/v2\/tags?post=21152"}],"curies":[{"name":"wp","href":"https:\/\/api.w.org\/{rel}","templated":true}]}}