{"id":21155,"date":"2019-06-18T12:37:20","date_gmt":"2019-06-18T17:37:20","guid":{"rendered":"https:\/\/emisora.univalle.edu.co\/?p=21155"},"modified":"2019-06-18T12:37:20","modified_gmt":"2019-06-18T17:37:20","slug":"macetas-en-univalle-una-dulce-tradicion-de-los-vallecaucanos","status":"publish","type":"post","link":"https:\/\/emisora.univalle.edu.co\/index.php\/macetas-en-univalle-una-dulce-tradicion-de-los-vallecaucanos\/","title":{"rendered":"Macetas en Univalle, una dulce tradici\u00f3n de los vallecaucanos"},"content":{"rendered":"<p><span class=\"authorPost\">Agencia de Noticias Univalle<\/span><\/p>\n<div class=\"itemFullText\">\n<p>El \u00c1rea Cultural y el Grupo de Promoci\u00f3n Lectora de la Divisi\u00f3n de Bibliotecas de la Universidad del Valle invitan a la comunidad universitaria y al p\u00fablico en general a visitar la exposici\u00f3n \u201cMacetas de Alfe\u00f1ique: expresi\u00f3n del arte popular cale\u00f1o\u201d, que estar\u00e1 abierta al p\u00fablico entre el 17 y el 30 de junio, en el primer piso de la Biblioteca Mario Carvajal, Campus de Mel\u00e9ndez.<\/p>\n<p>La exposici\u00f3n estar\u00e1 acompa\u00f1ada de diversas actividades alrededor de esta tradici\u00f3n: un taller de elaboraci\u00f3n de macetas, un conversatorio, la presentaci\u00f3n del libro \u201cDulces y artesanas\u201d y una muestra de macetas, acompa\u00f1ada de personajes aleg\u00f3ricos de la cultura cale\u00f1a.<\/p>\n<p>Con esta actividad se busca visibilizar y reconocer el trabajo de las mujeres artesanas que elaboran las macetas, cuyas manos laboriosas moldean el alfe\u00f1ique creando esculturas de az\u00facar.<\/p>\n<p>La maceta de alfe\u00f1ique es un producto de la tradici\u00f3n dulcera de la regi\u00f3n, que tiene una est\u00e9tica particular que se ha mantenido a trav\u00e9s del tiempo de generaci\u00f3n en generaci\u00f3n.<\/p>\n<p>Cada a\u00f1o en el mes de junio, las macetas circulan entre personas y familias, regalo que se da y recibe entre padrinos y ahijados, ratificando lazos de amor y un v\u00ednculo de parentesco simb\u00f3lico que refuerza el tejido social, siendo una expresi\u00f3n de amor \u00fanica en Colombia que forma parte de la identidad cultural de Cali.<\/p>\n<p>La tradici\u00f3n de celebrar a los ahijados con macetas de alfe\u00f1ique es una pr\u00e1ctica cultural que identifica a Cali y a los cale\u00f1os, la cual fue reconocida en el 2013 como Patrimonio Cultural Inmaterial de Colombia por parte del Ministerio de Cultura y el Consejo Nacional de Patrimonio.<\/p>\n<p>Esta exposici\u00f3n es una invitaci\u00f3n a valorar la maceta como un s\u00edmbolo de la identidad cale\u00f1a, y una de las expresiones del arte popular que forma parte del legado cultural de la ciudad, que, a pesar de la modernidad, se conserva en la actualidad, pues se trata de una manifestaci\u00f3n cultural \u00fanica, llena de sentido y belleza.<\/p>\n<p>La exposici\u00f3n hace parte del programa Efem\u00e9rides y Celebraciones de la Divisi\u00f3n de Bibliotecas y es la antesala al Festival de Macetas que se realizar\u00e1 en Cali entre el 27 de junio y el 1 de julio.<\/p>\n<p><a href=\"https:\/\/drive.google.com\/file\/d\/1lTizgCdz9FEQR7ZtM8IvZuwSwySRI6BS\/view\" target=\"_blank\" rel=\"noopener noreferrer\">Ver programaci\u00f3n<\/a><\/p>\n<\/div>\n","protected":false},"excerpt":{"rendered":"<p>Agencia de Noticias Univalle El \u00c1rea Cultural y el Grupo de Promoci\u00f3n Lectora de la Divisi\u00f3n de Bibliotecas de la Universidad del Valle invitan a la comunidad universitaria y al p\u00fablico en general a visitar la exposici\u00f3n \u201cMacetas de Alfe\u00f1ique: expresi\u00f3n del arte popular cale\u00f1o\u201d, que estar\u00e1 abierta al p\u00fablico[&#8230;]<\/p>\n","protected":false},"author":1,"featured_media":21156,"comment_status":"open","ping_status":"open","sticky":false,"template":"","format":"standard","meta":{"footnotes":""},"categories":[4],"tags":[],"_links":{"self":[{"href":"https:\/\/emisora.univalle.edu.co\/index.php\/wp-json\/wp\/v2\/posts\/21155"}],"collection":[{"href":"https:\/\/emisora.univalle.edu.co\/index.php\/wp-json\/wp\/v2\/posts"}],"about":[{"href":"https:\/\/emisora.univalle.edu.co\/index.php\/wp-json\/wp\/v2\/types\/post"}],"author":[{"embeddable":true,"href":"https:\/\/emisora.univalle.edu.co\/index.php\/wp-json\/wp\/v2\/users\/1"}],"replies":[{"embeddable":true,"href":"https:\/\/emisora.univalle.edu.co\/index.php\/wp-json\/wp\/v2\/comments?post=21155"}],"version-history":[{"count":1,"href":"https:\/\/emisora.univalle.edu.co\/index.php\/wp-json\/wp\/v2\/posts\/21155\/revisions"}],"predecessor-version":[{"id":21157,"href":"https:\/\/emisora.univalle.edu.co\/index.php\/wp-json\/wp\/v2\/posts\/21155\/revisions\/21157"}],"wp:featuredmedia":[{"embeddable":true,"href":"https:\/\/emisora.univalle.edu.co\/index.php\/wp-json\/wp\/v2\/media\/21156"}],"wp:attachment":[{"href":"https:\/\/emisora.univalle.edu.co\/index.php\/wp-json\/wp\/v2\/media?parent=21155"}],"wp:term":[{"taxonomy":"category","embeddable":true,"href":"https:\/\/emisora.univalle.edu.co\/index.php\/wp-json\/wp\/v2\/categories?post=21155"},{"taxonomy":"post_tag","embeddable":true,"href":"https:\/\/emisora.univalle.edu.co\/index.php\/wp-json\/wp\/v2\/tags?post=21155"}],"curies":[{"name":"wp","href":"https:\/\/api.w.org\/{rel}","templated":true}]}}