{"id":21164,"date":"2019-06-25T13:26:55","date_gmt":"2019-06-25T18:26:55","guid":{"rendered":"https:\/\/emisora.univalle.edu.co\/?p=21164"},"modified":"2019-06-25T13:26:55","modified_gmt":"2019-06-25T18:26:55","slug":"lina-triana-es-egresadauv","status":"publish","type":"post","link":"https:\/\/emisora.univalle.edu.co\/index.php\/lina-triana-es-egresadauv\/","title":{"rendered":"Lina Triana es EgresadaUV"},"content":{"rendered":"<p>#OrgulloUV | Lina Mar\u00eda Triana es #EgresadaUV de los programas de Medicina y Cirug\u00eda y de la Especializaci\u00f3n en Cirug\u00eda Pl\u00e1stica de la Universidad del Valle. Actualmente, la Doctora Triana es Presidenta y Vicepresidenta electa de la Asociaci\u00f3n Colombiana de Sociedades Cient\u00edficas,ACSC. Es la primera vez que una egresada de pregrado y posgrado de la Universidad del Valle ocupa este honor\u00edfico cargo.<\/p>\n<p style=\"text-align: center;\"><iframe loading=\"lazy\" src=\"https:\/\/www.youtube.com\/embed\/gPXFwaVtzhA\" width=\"560\" height=\"315\" frameborder=\"0\" allowfullscreen=\"allowfullscreen\"><\/iframe><\/p>\n","protected":false},"excerpt":{"rendered":"<p>#OrgulloUV | Lina Mar\u00eda Triana es #EgresadaUV de los programas de Medicina y Cirug\u00eda y de la Especializaci\u00f3n en Cirug\u00eda Pl\u00e1stica de la Universidad del Valle. Actualmente, la Doctora Triana es Presidenta y Vicepresidenta electa de la Asociaci\u00f3n Colombiana de Sociedades Cient\u00edficas,ACSC. Es la primera vez que una egresada de[&#8230;]<\/p>\n","protected":false},"author":1,"featured_media":21165,"comment_status":"open","ping_status":"open","sticky":false,"template":"","format":"standard","meta":{"footnotes":""},"categories":[4],"tags":[],"_links":{"self":[{"href":"https:\/\/emisora.univalle.edu.co\/index.php\/wp-json\/wp\/v2\/posts\/21164"}],"collection":[{"href":"https:\/\/emisora.univalle.edu.co\/index.php\/wp-json\/wp\/v2\/posts"}],"about":[{"href":"https:\/\/emisora.univalle.edu.co\/index.php\/wp-json\/wp\/v2\/types\/post"}],"author":[{"embeddable":true,"href":"https:\/\/emisora.univalle.edu.co\/index.php\/wp-json\/wp\/v2\/users\/1"}],"replies":[{"embeddable":true,"href":"https:\/\/emisora.univalle.edu.co\/index.php\/wp-json\/wp\/v2\/comments?post=21164"}],"version-history":[{"count":1,"href":"https:\/\/emisora.univalle.edu.co\/index.php\/wp-json\/wp\/v2\/posts\/21164\/revisions"}],"predecessor-version":[{"id":21166,"href":"https:\/\/emisora.univalle.edu.co\/index.php\/wp-json\/wp\/v2\/posts\/21164\/revisions\/21166"}],"wp:featuredmedia":[{"embeddable":true,"href":"https:\/\/emisora.univalle.edu.co\/index.php\/wp-json\/wp\/v2\/media\/21165"}],"wp:attachment":[{"href":"https:\/\/emisora.univalle.edu.co\/index.php\/wp-json\/wp\/v2\/media?parent=21164"}],"wp:term":[{"taxonomy":"category","embeddable":true,"href":"https:\/\/emisora.univalle.edu.co\/index.php\/wp-json\/wp\/v2\/categories?post=21164"},{"taxonomy":"post_tag","embeddable":true,"href":"https:\/\/emisora.univalle.edu.co\/index.php\/wp-json\/wp\/v2\/tags?post=21164"}],"curies":[{"name":"wp","href":"https:\/\/api.w.org\/{rel}","templated":true}]}}