{"id":21195,"date":"2019-07-15T11:41:00","date_gmt":"2019-07-15T16:41:00","guid":{"rendered":"https:\/\/emisora.univalle.edu.co\/?p=21195"},"modified":"2019-07-15T11:41:00","modified_gmt":"2019-07-15T16:41:00","slug":"consejo-superior-aprobo-tres-nuevos-programas-academicos","status":"publish","type":"post","link":"https:\/\/emisora.univalle.edu.co\/index.php\/consejo-superior-aprobo-tres-nuevos-programas-academicos\/","title":{"rendered":"Consejo Superior aprob\u00f3 tres nuevos programas acad\u00e9micos"},"content":{"rendered":"<p><span class=\"authorPost\">Agencia de Noticias Univalle<\/span><\/p>\n<div class=\"itemFullText\">\n<p>En su m\u00e1s reciente sesi\u00f3n el Consejo Superior de la Universidad del Valle aprob\u00f3 tres nuevos programas que fortalecer\u00e1n la oferta acad\u00e9mica de la instituci\u00f3n.<\/p>\n<p>Los programas aprobados son la Maestr\u00eda en Gesti\u00f3n de la Calidad para Laboratorios en Modalidad de Profundizaci\u00f3n y la Maestr\u00eda en Terapia Ocupacional. Este \u00faltimo es el primer programa de posgrado del pa\u00eds en esta \u00e1rea del conocimiento. El programa de Tecnolog\u00eda en promoci\u00f3n de la salud ser\u00e1 ofrecido bajo la modalidad virtual y har\u00e1 parte de una nueva apuesta institucional para mejorar el acceso a la educaci\u00f3n superior en la regi\u00f3n.<\/p>\n<p><strong>Tecnolog\u00eda en promoci\u00f3n de la salud<\/strong><br \/>\nEste nuevo pregrado busca propiciar en los estudiantes la adquisici\u00f3n de conocimientos y el desarrollo de habilidades a nivel tecnol\u00f3gico para establecer las estrategias dirigidas a la promoci\u00f3n de la salud, el desarrollo social y ambientes saludables en los individuos, las familias y las comunidades.<\/p>\n<p>Los egresados de este programa tendr\u00e1n sentido social, principios y valores \u00e9ticos, pensamiento cr\u00edtico y propositivo, comprometidos con la promoci\u00f3n de la salud y el desarrollo social.<\/p>\n<p>Tendr\u00e1n las competencias que les permitan detectar las condiciones de salud y de bienestar en los individuos, las familias y las comunidades, para intervenir de acuerdo a las pol\u00edticas p\u00fablicas relacionadas con la prevenci\u00f3n de la enfermedad y la promoci\u00f3n de la salud. Adem\u00e1s, contar\u00e1n con liderazgo comunitario que le permiten impulsar el empoderamiento de individuos, familias y comunidades con relaci\u00f3n al cuidado de s\u00ed mismo para la promoci\u00f3n de la salud, prevenci\u00f3n de la enfermedad y el bienestar social.<\/p>\n<p>Los egresados podr\u00e1n ejercer su actividad como promotores y facilitadores en proyectos orientados al desarrollo de la pol\u00edtica integral en salud y desarrollo sostenible, en entidades como: Entes Territoriales, Administradoras de Planes y Beneficios, ONGs, Empresas Sociales del Estado con los equipos extramurales. Tambi\u00e9n como supervisores de programas relacionados con actividades, procedimientos, intervenciones e insumos definidos por el Ministerio de Salud, y de acompa\u00f1amiento t\u00e9cnico a los gestores de Salud y Desarrollo Social.<\/p>\n<p><strong>Maestr\u00eda en Gesti\u00f3n de la Calidad para Laboratorios<\/strong><br \/>\nEste nuevo posgrado se estructur\u00f3 entre la Facultad de Ciencias Naturales y Exactas, la Facultad de Ingenier\u00eda y la Facultad de Salud.<\/p>\n<p>El objetivo general de esta maestr\u00eda es fortalecer el conocimiento y las competencias del recurso humano responsable del sistema de gesti\u00f3n de la calidad en los laboratorios con el fin de incrementar la competitividad de los servicios que presta.<\/p>\n<p>El Mag\u00edster en Gesti\u00f3n de la Calidad para Laboratorios podr\u00e1 planificar, realizar y evaluar el control de la calidad de laboratorios que garantice validez de los an\u00e1lisis cl\u00ednicos, los ensayos y las calibraciones, y a su vez contribuya al fortalecimiento o de mejora de procesos. As\u00ed mismo estar\u00e1 en capacidad de dise\u00f1ar materiales de referencia para procesos de calibraci\u00f3n y validaci\u00f3n de m\u00e9todos fundamentales para dar fiabilidad al trabajo de los laboratorios, entre otras capacidades.<\/p>\n<p>Los egresados se desempe\u00f1ar\u00e1n en la direcci\u00f3n o coordinaci\u00f3n de calidad o de aseguramiento metrol\u00f3gico, como analistas expertos en garant\u00eda de la calidad y directores de aseguramiento de la calidad en laboratorios de diferentes sectores. As\u00ed mismo, podr\u00e1n ser gestores de empresas relacionadas con la asesor\u00eda y consultor\u00eda orientados a la organizaci\u00f3n de buenas pr\u00e1cticas en la gesti\u00f3n de la calidad para laboratorios, la acreditaci\u00f3n de servicios y certificaci\u00f3n de productos o procesos.<\/p>\n<p><strong>Maestr\u00eda en Terapia Ocupacional<\/strong><br \/>\nEsta nueva maestr\u00eda ser\u00e1 ofrecida bajo la modalidad de investigaci\u00f3n por la Facultad de Salud. Su objetivo es formar mag\u00edsteres con compromiso social y \u00e9tico, capaces de solucionar problemas relacionados con la ocupaci\u00f3n humana a partir de la investigaci\u00f3n, para el desarrollo disciplinar.<\/p>\n<p>El Mag\u00edster en Terapia Ocupacional ser\u00e1 un profesional con capacidades para adquirir las competencias necesarias para identificar y abordar metodolog\u00edas de la investigaci\u00f3n, con el conocimiento y la comprensi\u00f3n de problemas propios de la Ocupaci\u00f3n Humana. Podr\u00e1 integrarse en forma eficiente y responsable en un equipo interdisciplinario y multidisciplinario, porque el conocimiento basado en la evidencia cient\u00edfica le permite: detectar, formular y resolver problemas de investigaci\u00f3n pertinentes al contexto, relacionadas con las \u00e1reas del desempe\u00f1o del Terapeuta Ocupacional; plantear soluciones pertinentes, contextualizadas y cient\u00edficas en Terapia Ocupacional, entre otras.<\/p>\n<p>El egresado de esta maestr\u00eda estar\u00e1 en capacidad de trabajar en las diferentes \u00e1reas del desempe\u00f1o de su competencia, en el sector p\u00fablico o privado, en los niveles local, regional, nacional e internacional, en investigaciones de educaci\u00f3n media, educaci\u00f3n superior, institutos de investigaci\u00f3n y entidades financiadoras de programas y proyectos de investigaci\u00f3n, relacionados con la Ocupaci\u00f3n Humana.<\/p>\n<\/div>\n","protected":false},"excerpt":{"rendered":"<p>Agencia de Noticias Univalle En su m\u00e1s reciente sesi\u00f3n el Consejo Superior de la Universidad del Valle aprob\u00f3 tres nuevos programas que fortalecer\u00e1n la oferta acad\u00e9mica de la instituci\u00f3n. Los programas aprobados son la Maestr\u00eda en Gesti\u00f3n de la Calidad para Laboratorios en Modalidad de Profundizaci\u00f3n y la Maestr\u00eda en[&#8230;]<\/p>\n","protected":false},"author":1,"featured_media":21196,"comment_status":"open","ping_status":"open","sticky":false,"template":"","format":"standard","meta":{"footnotes":""},"categories":[4],"tags":[],"_links":{"self":[{"href":"https:\/\/emisora.univalle.edu.co\/index.php\/wp-json\/wp\/v2\/posts\/21195"}],"collection":[{"href":"https:\/\/emisora.univalle.edu.co\/index.php\/wp-json\/wp\/v2\/posts"}],"about":[{"href":"https:\/\/emisora.univalle.edu.co\/index.php\/wp-json\/wp\/v2\/types\/post"}],"author":[{"embeddable":true,"href":"https:\/\/emisora.univalle.edu.co\/index.php\/wp-json\/wp\/v2\/users\/1"}],"replies":[{"embeddable":true,"href":"https:\/\/emisora.univalle.edu.co\/index.php\/wp-json\/wp\/v2\/comments?post=21195"}],"version-history":[{"count":1,"href":"https:\/\/emisora.univalle.edu.co\/index.php\/wp-json\/wp\/v2\/posts\/21195\/revisions"}],"predecessor-version":[{"id":21197,"href":"https:\/\/emisora.univalle.edu.co\/index.php\/wp-json\/wp\/v2\/posts\/21195\/revisions\/21197"}],"wp:featuredmedia":[{"embeddable":true,"href":"https:\/\/emisora.univalle.edu.co\/index.php\/wp-json\/wp\/v2\/media\/21196"}],"wp:attachment":[{"href":"https:\/\/emisora.univalle.edu.co\/index.php\/wp-json\/wp\/v2\/media?parent=21195"}],"wp:term":[{"taxonomy":"category","embeddable":true,"href":"https:\/\/emisora.univalle.edu.co\/index.php\/wp-json\/wp\/v2\/categories?post=21195"},{"taxonomy":"post_tag","embeddable":true,"href":"https:\/\/emisora.univalle.edu.co\/index.php\/wp-json\/wp\/v2\/tags?post=21195"}],"curies":[{"name":"wp","href":"https:\/\/api.w.org\/{rel}","templated":true}]}}