{"id":21216,"date":"2019-07-23T16:34:08","date_gmt":"2019-07-23T21:34:08","guid":{"rendered":"https:\/\/emisora.univalle.edu.co\/?p=21216"},"modified":"2019-07-23T16:34:08","modified_gmt":"2019-07-23T21:34:08","slug":"inicio-la-escuela-internacional-de-verano-2019-de-administracion","status":"publish","type":"post","link":"https:\/\/emisora.univalle.edu.co\/index.php\/inicio-la-escuela-internacional-de-verano-2019-de-administracion\/","title":{"rendered":"Inici\u00f3 la Escuela Internacional de Verano 2019 de Administraci\u00f3n"},"content":{"rendered":"<p><span class=\"authorPost\">Agencia de Noticias Univalle<\/span><\/p>\n<div class=\"itemFullText\">\n<p>Un total de cuatro seminarios componen la programaci\u00f3n de la Escuela Internacional de Verano que para este a\u00f1o ha programado la Facultad de Ciencias de la Administraci\u00f3n, que en esta ocasi\u00f3n se realizar\u00e1 entre el 22 de julio y el 2 de agosto.<\/p>\n<p>Durante el acto de apertura, el decano de la Facultad, el profesor Omar de Jes\u00fas Montilla destac\u00f3 que este tipo de actividades permiten la creaci\u00f3n de redes colaborativas de investigaci\u00f3n y de trabajo, que permiten ampliar el campo de acci\u00f3n de la facultad, m\u00e1s all\u00e1 de los seminarios que se imparten.<\/p>\n<p>El decano Montilla record\u00f3 que desde el a\u00f1o 2012 la Facultad de Ciencias de la Administraci\u00f3n re\u00fane a destacados acad\u00e9micos internacionales para que compartan sus experiencias con la comunidad de la regi\u00f3n, que adem\u00e1s permitir\u00e1 que los participantes fortalezcan sus aprendizajes.<\/p>\n<p>El seminario \u201cLa innovaci\u00f3n social en la econom\u00eda naranja\u201d es dictado por la investigadora Martha Leticia Silva Flores del Centro de Innovaci\u00f3n Social de Alto Impacto (CISAI-ITESO) de M\u00e9xico. En este seminario se abordan elementos y fundamentos te\u00f3rico-pr\u00e1cticos de la innovaci\u00f3n social y la econom\u00eda naranja. El seminario est\u00e1 dise\u00f1ado con una estructura de taller con el prop\u00f3sito de incentivar con la participaci\u00f3n activa de cada uno de los asistentes, con lo cual se busca que \u00e9stos sean capaces de reconocer y utilizar conceptos b\u00e1sicos de la innovaci\u00f3n social y de la econom\u00eda naranja para el an\u00e1lisis de casos mediante el uso herramientas metodol\u00f3gicas que permiten la comprensi\u00f3n sist\u00e9mica.<\/p>\n<p>\u201cPasado, presente y futuro en la profesi\u00f3n del contador p\u00fablico\u201d es el seminario que dicta el docente Jos\u00e9 Antonio Echenique Garc\u00eda de la Universidad Nacional Aut\u00f3noma de M\u00e9xico. La profesi\u00f3n contable y consecuentemente los programas de estudio, y los conocimientos cambian constantemente para adecuarse al nuevo mundo globalizado, con constantes cambios tecnol\u00f3gicos, y adecuaciones relacionados a la calidad con \u00e9nfasis en la \u00e9tica profesional. Se cuentan con normas de informaci\u00f3n financiera, normas de auditor\u00eda, un nuevo c\u00f3digo de \u00e9tica y est\u00e1ndares internacionales de educaci\u00f3n, lo cual debe ser considerado en un mundo globalizado con grandes desarrollos tecnol\u00f3gicos, y con diferentes ideolog\u00edas.<\/p>\n<p>El tercer seminario es \u201cAplicaciones pr\u00e1cticas de an\u00e1lisis de datos\u201d, dictado por la investigadora Ana Isabel Rodr\u00edguez Escudero de la Universidad de Valladolid, Espa\u00f1a. Este curso tiene como objetivo formar a los estudiantes para obtener y procesar los datos necesarios para responder de una forma emp\u00edrica a un problema de investigaci\u00f3n previamente planteado te\u00f3ricamente. Durante su desarrollo se aplicar\u00e1n varias t\u00e9cnicas de an\u00e1lisis multivariable para las que se usar\u00e1n los paquetes estad\u00edsticos SPSS y Smart-PLS. El curso est\u00e1 destinado a aquellos estudiantes que quieran recibir una formaci\u00f3n aplicada en el an\u00e1lisis de datos.<\/p>\n<p>El \u00faltimo seminario se dictar\u00e1 entre el 29 de julio al 02 de agosto. Se trata de \u201cLa gesti\u00f3n del deporte como producto de consumo\u201d a cargo de Francisco Javier Ram\u00edrez Perdiguero doctor de la Universidad Francisco Marroqu\u00edn, Espa\u00f1a. El fen\u00f3meno deporte, desde sus or\u00edgenes, nunca hab\u00eda trascendido a un \u00e1mbito tan global, y local al mismo tiempo, de intereses pol\u00edticos, econ\u00f3micos, culturales y sociales, como el actual. Donde el marketing deportivo como filosof\u00eda, con sus t\u00e9cnicas y herramientas, se ocupa de este producto, poli\u00e9drico en su esencia y a su vez espec\u00edfico, en su relaci\u00f3n de intercambio entre sociedades an\u00f3nimas deportivas, clubes, instituciones p\u00fablicas y entidades privadas, medios de comunicaci\u00f3n, fabricantes de bienes deportivos, y el diverso p\u00fablico consumidor de deporte. Relaci\u00f3n que puede ser m\u00e1s eficaz y satisfactoria, para las partes que intervienen y para la sociedad, con la contribuci\u00f3n de las nuevas tecnolog\u00edas, especialmente Internet, en su etapa actual de desarrollo, con el modelo de relaci\u00f3n adecuado al sistema deportivo.<\/p>\n<\/div>\n","protected":false},"excerpt":{"rendered":"<p>Agencia de Noticias Univalle Un total de cuatro seminarios componen la programaci\u00f3n de la Escuela Internacional de Verano que para este a\u00f1o ha programado la Facultad de Ciencias de la Administraci\u00f3n, que en esta ocasi\u00f3n se realizar\u00e1 entre el 22 de julio y el 2 de agosto. Durante el acto[&#8230;]<\/p>\n","protected":false},"author":1,"featured_media":21217,"comment_status":"open","ping_status":"open","sticky":false,"template":"","format":"standard","meta":{"footnotes":""},"categories":[4],"tags":[],"_links":{"self":[{"href":"https:\/\/emisora.univalle.edu.co\/index.php\/wp-json\/wp\/v2\/posts\/21216"}],"collection":[{"href":"https:\/\/emisora.univalle.edu.co\/index.php\/wp-json\/wp\/v2\/posts"}],"about":[{"href":"https:\/\/emisora.univalle.edu.co\/index.php\/wp-json\/wp\/v2\/types\/post"}],"author":[{"embeddable":true,"href":"https:\/\/emisora.univalle.edu.co\/index.php\/wp-json\/wp\/v2\/users\/1"}],"replies":[{"embeddable":true,"href":"https:\/\/emisora.univalle.edu.co\/index.php\/wp-json\/wp\/v2\/comments?post=21216"}],"version-history":[{"count":1,"href":"https:\/\/emisora.univalle.edu.co\/index.php\/wp-json\/wp\/v2\/posts\/21216\/revisions"}],"predecessor-version":[{"id":21218,"href":"https:\/\/emisora.univalle.edu.co\/index.php\/wp-json\/wp\/v2\/posts\/21216\/revisions\/21218"}],"wp:featuredmedia":[{"embeddable":true,"href":"https:\/\/emisora.univalle.edu.co\/index.php\/wp-json\/wp\/v2\/media\/21217"}],"wp:attachment":[{"href":"https:\/\/emisora.univalle.edu.co\/index.php\/wp-json\/wp\/v2\/media?parent=21216"}],"wp:term":[{"taxonomy":"category","embeddable":true,"href":"https:\/\/emisora.univalle.edu.co\/index.php\/wp-json\/wp\/v2\/categories?post=21216"},{"taxonomy":"post_tag","embeddable":true,"href":"https:\/\/emisora.univalle.edu.co\/index.php\/wp-json\/wp\/v2\/tags?post=21216"}],"curies":[{"name":"wp","href":"https:\/\/api.w.org\/{rel}","templated":true}]}}