{"id":21220,"date":"2019-07-29T16:09:42","date_gmt":"2019-07-29T21:09:42","guid":{"rendered":"https:\/\/emisora.univalle.edu.co\/?p=21220"},"modified":"2019-07-29T16:09:42","modified_gmt":"2019-07-29T21:09:42","slug":"agenda-semanal-del-29-de-julio-al-2-de-agosto","status":"publish","type":"post","link":"https:\/\/emisora.univalle.edu.co\/index.php\/agenda-semanal-del-29-de-julio-al-2-de-agosto\/","title":{"rendered":"Agenda Semanal del 29 de julio al 2 de Agosto"},"content":{"rendered":"<p>#Progr\u00e1mate con la agenda semanal del 29 de julio al 2 de agosto y asiste a los eventos acad\u00e9micos, deportivos y culturales de #Univalle<br \/>\nConsulta la agenda completa aqu\u00ed \u27a1 http:\/\/cort.as\/-<\/p>\n<p style=\"text-align: center;\"><iframe loading=\"lazy\" src=\"https:\/\/www.youtube.com\/embed\/csv2GfEbVRw\" width=\"560\" height=\"315\" frameborder=\"0\" allowfullscreen=\"allowfullscreen\"><\/iframe><\/p>\n","protected":false},"excerpt":{"rendered":"<p>#Progr\u00e1mate con la agenda semanal del 29 de julio al 2 de agosto y asiste a los eventos acad\u00e9micos, deportivos y culturales de #Univalle Consulta la agenda completa aqu\u00ed \u27a1 http:\/\/cort.as\/-<\/p>\n","protected":false},"author":1,"featured_media":21221,"comment_status":"open","ping_status":"open","sticky":false,"template":"","format":"standard","meta":{"footnotes":""},"categories":[4],"tags":[],"_links":{"self":[{"href":"https:\/\/emisora.univalle.edu.co\/index.php\/wp-json\/wp\/v2\/posts\/21220"}],"collection":[{"href":"https:\/\/emisora.univalle.edu.co\/index.php\/wp-json\/wp\/v2\/posts"}],"about":[{"href":"https:\/\/emisora.univalle.edu.co\/index.php\/wp-json\/wp\/v2\/types\/post"}],"author":[{"embeddable":true,"href":"https:\/\/emisora.univalle.edu.co\/index.php\/wp-json\/wp\/v2\/users\/1"}],"replies":[{"embeddable":true,"href":"https:\/\/emisora.univalle.edu.co\/index.php\/wp-json\/wp\/v2\/comments?post=21220"}],"version-history":[{"count":1,"href":"https:\/\/emisora.univalle.edu.co\/index.php\/wp-json\/wp\/v2\/posts\/21220\/revisions"}],"predecessor-version":[{"id":21222,"href":"https:\/\/emisora.univalle.edu.co\/index.php\/wp-json\/wp\/v2\/posts\/21220\/revisions\/21222"}],"wp:featuredmedia":[{"embeddable":true,"href":"https:\/\/emisora.univalle.edu.co\/index.php\/wp-json\/wp\/v2\/media\/21221"}],"wp:attachment":[{"href":"https:\/\/emisora.univalle.edu.co\/index.php\/wp-json\/wp\/v2\/media?parent=21220"}],"wp:term":[{"taxonomy":"category","embeddable":true,"href":"https:\/\/emisora.univalle.edu.co\/index.php\/wp-json\/wp\/v2\/categories?post=21220"},{"taxonomy":"post_tag","embeddable":true,"href":"https:\/\/emisora.univalle.edu.co\/index.php\/wp-json\/wp\/v2\/tags?post=21220"}],"curies":[{"name":"wp","href":"https:\/\/api.w.org\/{rel}","templated":true}]}}