{"id":21242,"date":"2019-08-30T13:42:37","date_gmt":"2019-08-30T18:42:37","guid":{"rendered":"https:\/\/emisora.univalle.edu.co\/?p=21242"},"modified":"2019-08-30T13:42:37","modified_gmt":"2019-08-30T18:42:37","slug":"agueda-pizarro-en-nueva-temporada-de-viernes-de-letras","status":"publish","type":"post","link":"https:\/\/emisora.univalle.edu.co\/index.php\/agueda-pizarro-en-nueva-temporada-de-viernes-de-letras\/","title":{"rendered":"\u00c1gueda Pizarro en nueva temporada de Viernes de Letras"},"content":{"rendered":"<p>La reconocida poeta y gestora cultural \u00c1gueda Pizarro es la invitada para dar apertura a la nueva temporada de Viernes de Letras, un programa permanente de la Escuela de Estudios Literarios de la Universidad del Valle.<\/p>\n<p>El conversatorio con esta autora se realizar\u00e1 este viernes 30 de agosto, a las 6:00 p.m., en el Auditorio \u00c1ngel Zapata, Biblioteca Mario Carvajal, Campus de Mel\u00e9ndez.<\/p>\n<p>\u00c1gueda Pizarro es poeta, gestora cultural y escritora colombo americana, nacida en Nueva York, en 1941. Doctora en Filolog\u00eda Romana, Artes y Literatura Francesa por la Universidad de Columbia. En esta universidad se desempe\u00f1\u00f3 como profesora de franc\u00e9s y espa\u00f1ol. Tambi\u00e9n ejerci\u00f3 la docencia en el Departamento de Espa\u00f1ol de Barnard College en Nueva York.<\/p>\n<p>Algunas de sus obras m\u00e1s relevantes son los libros de poemas: \u201cLabio adicto\u201d (1972), \u201cPa\u00eds Piel\u201d (1987), \u201cSoy Sur\u201d (1988), \u201cSaremas\u201d (1996), \u201cUltramor\u201d (1998) y \u201cMiguel Pizarro, flecha sin blanco\u201d (2004).<\/p>\n<p>En 1984 fund\u00f3 el Encuentro de Poetas Colombianas en Roldanillo, que cuenta a la fecha con 29 ediciones. Actualmente ejerce como directora del Museo y Fundaci\u00f3n \u00d3mar Rayo.<\/p>\n<p>Viernes de letras es organizado con el apoyo del \u00c1rea Cultural de la Divisi\u00f3n de Bibliotecas y de la Rector\u00eda.<\/p>\n<p>Conozca la\u00a0<a href=\"https:\/\/drive.google.com\/open?id=0B7dKVO0ahyE3Z0loTm90RzVNd3YydzJlalg1emlfZkZGdGM0\" target=\"_blank\" rel=\"noopener noreferrer\">programaci\u00f3n del nuevo ciclo<\/a><\/p>\n","protected":false},"excerpt":{"rendered":"<p>La reconocida poeta y gestora cultural \u00c1gueda Pizarro es la invitada para dar apertura a la nueva temporada de Viernes de Letras, un programa permanente de la Escuela de Estudios Literarios de la Universidad del Valle. El conversatorio con esta autora se realizar\u00e1 este viernes 30 de agosto, a las[&#8230;]<\/p>\n","protected":false},"author":1,"featured_media":21243,"comment_status":"open","ping_status":"open","sticky":false,"template":"","format":"standard","meta":{"footnotes":""},"categories":[4],"tags":[],"_links":{"self":[{"href":"https:\/\/emisora.univalle.edu.co\/index.php\/wp-json\/wp\/v2\/posts\/21242"}],"collection":[{"href":"https:\/\/emisora.univalle.edu.co\/index.php\/wp-json\/wp\/v2\/posts"}],"about":[{"href":"https:\/\/emisora.univalle.edu.co\/index.php\/wp-json\/wp\/v2\/types\/post"}],"author":[{"embeddable":true,"href":"https:\/\/emisora.univalle.edu.co\/index.php\/wp-json\/wp\/v2\/users\/1"}],"replies":[{"embeddable":true,"href":"https:\/\/emisora.univalle.edu.co\/index.php\/wp-json\/wp\/v2\/comments?post=21242"}],"version-history":[{"count":1,"href":"https:\/\/emisora.univalle.edu.co\/index.php\/wp-json\/wp\/v2\/posts\/21242\/revisions"}],"predecessor-version":[{"id":21244,"href":"https:\/\/emisora.univalle.edu.co\/index.php\/wp-json\/wp\/v2\/posts\/21242\/revisions\/21244"}],"wp:featuredmedia":[{"embeddable":true,"href":"https:\/\/emisora.univalle.edu.co\/index.php\/wp-json\/wp\/v2\/media\/21243"}],"wp:attachment":[{"href":"https:\/\/emisora.univalle.edu.co\/index.php\/wp-json\/wp\/v2\/media?parent=21242"}],"wp:term":[{"taxonomy":"category","embeddable":true,"href":"https:\/\/emisora.univalle.edu.co\/index.php\/wp-json\/wp\/v2\/categories?post=21242"},{"taxonomy":"post_tag","embeddable":true,"href":"https:\/\/emisora.univalle.edu.co\/index.php\/wp-json\/wp\/v2\/tags?post=21242"}],"curies":[{"name":"wp","href":"https:\/\/api.w.org\/{rel}","templated":true}]}}