{"id":21256,"date":"2019-09-06T14:55:02","date_gmt":"2019-09-06T19:55:02","guid":{"rendered":"https:\/\/emisora.univalle.edu.co\/?p=21256"},"modified":"2019-09-06T14:55:02","modified_gmt":"2019-09-06T19:55:02","slug":"emision-especial-de-en-contacto-con-los-aspirantes-para-la-designacion-del-rector-de-la-universidad-del-valle","status":"publish","type":"post","link":"https:\/\/emisora.univalle.edu.co\/index.php\/emision-especial-de-en-contacto-con-los-aspirantes-para-la-designacion-del-rector-de-la-universidad-del-valle\/","title":{"rendered":"Emisi\u00f3n especial de EN CONTACTO con los aspirantes\u00a0para la designaci\u00f3n del rector de la Universidad del Valle"},"content":{"rendered":"<p style=\"text-align: center;\"><iframe loading=\"lazy\" src=\"https:\/\/www.youtube.com\/embed\/VMHYRO-glfw\" width=\"560\" height=\"315\" frameborder=\"0\" allowfullscreen=\"allowfullscreen\"><\/iframe><\/p>\n<p>Emisi\u00f3n especial de EN CONTACTO con los aspirantes\u00a0para la designaci\u00f3n del rector de la Universidad del Valle, periodo 2019 &#8211; 2023<br \/>\nConduce: Fulvia Carvajal<br \/>\nInvitados:<br \/>\n??Luis Aurelio Ordo\u00f1ez Burbano<br \/>\n??Francisco Jos\u00e9 Mej\u00eda Pardo<br \/>\n??Rodrigo Mart\u00ednez D\u00edaz<br \/>\n??C\u00e9sar Arturo Castillo Parra<br \/>\n??Edgar Varela Barrios<\/p>\n","protected":false},"excerpt":{"rendered":"<p>Emisi\u00f3n especial de EN CONTACTO con los aspirantes\u00a0para la designaci\u00f3n del rector de la Universidad del Valle, periodo 2019 &#8211; 2023 Conduce: Fulvia Carvajal Invitados: ??Luis Aurelio Ordo\u00f1ez Burbano ??Francisco Jos\u00e9 Mej\u00eda Pardo ??Rodrigo Mart\u00ednez D\u00edaz ??C\u00e9sar Arturo Castillo Parra ??Edgar Varela Barrios<\/p>\n","protected":false},"author":1,"featured_media":21257,"comment_status":"open","ping_status":"open","sticky":false,"template":"","format":"standard","meta":{"footnotes":""},"categories":[4],"tags":[],"_links":{"self":[{"href":"https:\/\/emisora.univalle.edu.co\/index.php\/wp-json\/wp\/v2\/posts\/21256"}],"collection":[{"href":"https:\/\/emisora.univalle.edu.co\/index.php\/wp-json\/wp\/v2\/posts"}],"about":[{"href":"https:\/\/emisora.univalle.edu.co\/index.php\/wp-json\/wp\/v2\/types\/post"}],"author":[{"embeddable":true,"href":"https:\/\/emisora.univalle.edu.co\/index.php\/wp-json\/wp\/v2\/users\/1"}],"replies":[{"embeddable":true,"href":"https:\/\/emisora.univalle.edu.co\/index.php\/wp-json\/wp\/v2\/comments?post=21256"}],"version-history":[{"count":1,"href":"https:\/\/emisora.univalle.edu.co\/index.php\/wp-json\/wp\/v2\/posts\/21256\/revisions"}],"predecessor-version":[{"id":21258,"href":"https:\/\/emisora.univalle.edu.co\/index.php\/wp-json\/wp\/v2\/posts\/21256\/revisions\/21258"}],"wp:featuredmedia":[{"embeddable":true,"href":"https:\/\/emisora.univalle.edu.co\/index.php\/wp-json\/wp\/v2\/media\/21257"}],"wp:attachment":[{"href":"https:\/\/emisora.univalle.edu.co\/index.php\/wp-json\/wp\/v2\/media?parent=21256"}],"wp:term":[{"taxonomy":"category","embeddable":true,"href":"https:\/\/emisora.univalle.edu.co\/index.php\/wp-json\/wp\/v2\/categories?post=21256"},{"taxonomy":"post_tag","embeddable":true,"href":"https:\/\/emisora.univalle.edu.co\/index.php\/wp-json\/wp\/v2\/tags?post=21256"}],"curies":[{"name":"wp","href":"https:\/\/api.w.org\/{rel}","templated":true}]}}