{"id":21262,"date":"2019-09-10T18:23:41","date_gmt":"2019-09-10T23:23:41","guid":{"rendered":"https:\/\/emisora.univalle.edu.co\/?p=21262"},"modified":"2019-09-10T18:23:41","modified_gmt":"2019-09-10T23:23:41","slug":"campana-siembra-un-mejor-aire","status":"publish","type":"post","link":"https:\/\/emisora.univalle.edu.co\/index.php\/campana-siembra-un-mejor-aire\/","title":{"rendered":"Campa\u00f1a \u00abSiembra un mejor aire\u00bb"},"content":{"rendered":"<p>#Enf\u00f3cateEnElAmbiente El campus Mel\u00e9ndez conserva uno de los ecosistemas m\u00e1s vulnerables del pa\u00eds: el bosque seco tropical. Por eso se han realizado varias jornadas de siembra de especies nativas, para fortalecer la zona de reserva del Jard\u00edn Bot\u00e1nico Universitario.<\/p>\n<p style=\"text-align: center;\"><iframe loading=\"lazy\" src=\"https:\/\/www.youtube.com\/embed\/2G4ccf8C2qI\" width=\"560\" height=\"315\" frameborder=\"0\" allowfullscreen=\"allowfullscreen\"><\/iframe><\/p>\n","protected":false},"excerpt":{"rendered":"<p>#Enf\u00f3cateEnElAmbiente El campus Mel\u00e9ndez conserva uno de los ecosistemas m\u00e1s vulnerables del pa\u00eds: el bosque seco tropical. Por eso se han realizado varias jornadas de siembra de especies nativas, para fortalecer la zona de reserva del Jard\u00edn Bot\u00e1nico Universitario.<\/p>\n","protected":false},"author":1,"featured_media":21263,"comment_status":"open","ping_status":"open","sticky":false,"template":"","format":"standard","meta":{"footnotes":""},"categories":[4],"tags":[],"_links":{"self":[{"href":"https:\/\/emisora.univalle.edu.co\/index.php\/wp-json\/wp\/v2\/posts\/21262"}],"collection":[{"href":"https:\/\/emisora.univalle.edu.co\/index.php\/wp-json\/wp\/v2\/posts"}],"about":[{"href":"https:\/\/emisora.univalle.edu.co\/index.php\/wp-json\/wp\/v2\/types\/post"}],"author":[{"embeddable":true,"href":"https:\/\/emisora.univalle.edu.co\/index.php\/wp-json\/wp\/v2\/users\/1"}],"replies":[{"embeddable":true,"href":"https:\/\/emisora.univalle.edu.co\/index.php\/wp-json\/wp\/v2\/comments?post=21262"}],"version-history":[{"count":1,"href":"https:\/\/emisora.univalle.edu.co\/index.php\/wp-json\/wp\/v2\/posts\/21262\/revisions"}],"predecessor-version":[{"id":21264,"href":"https:\/\/emisora.univalle.edu.co\/index.php\/wp-json\/wp\/v2\/posts\/21262\/revisions\/21264"}],"wp:featuredmedia":[{"embeddable":true,"href":"https:\/\/emisora.univalle.edu.co\/index.php\/wp-json\/wp\/v2\/media\/21263"}],"wp:attachment":[{"href":"https:\/\/emisora.univalle.edu.co\/index.php\/wp-json\/wp\/v2\/media?parent=21262"}],"wp:term":[{"taxonomy":"category","embeddable":true,"href":"https:\/\/emisora.univalle.edu.co\/index.php\/wp-json\/wp\/v2\/categories?post=21262"},{"taxonomy":"post_tag","embeddable":true,"href":"https:\/\/emisora.univalle.edu.co\/index.php\/wp-json\/wp\/v2\/tags?post=21262"}],"curies":[{"name":"wp","href":"https:\/\/api.w.org\/{rel}","templated":true}]}}