{"id":21293,"date":"2019-10-04T14:00:20","date_gmt":"2019-10-04T19:00:20","guid":{"rendered":"https:\/\/emisora.univalle.edu.co\/?p=21293"},"modified":"2019-10-04T14:00:20","modified_gmt":"2019-10-04T19:00:20","slug":"feria-internacional-del-libro-de-cali-abrira-sus-puertas-el-10-de-octubre","status":"publish","type":"post","link":"https:\/\/emisora.univalle.edu.co\/index.php\/feria-internacional-del-libro-de-cali-abrira-sus-puertas-el-10-de-octubre\/","title":{"rendered":"Feria Internacional del Libro de Cali abrir\u00e1 sus puertas el 10 de Octubre"},"content":{"rendered":"<p>Agencia de Noticias Univalle<br \/>\nLa Alcald\u00eda de Cali, la Universidad del Valle y la Fundaci\u00f3n Spiwak presentaron hoy ante los medios de comunicaci\u00f3n la cuarta versi\u00f3n de la Feria Internacional del Libro de Cali que tendr\u00e1 lugar entre el 10 y el 20 de octubre pr\u00f3ximos en el Bulevar del R\u00edo. En esta ocasi\u00f3n la Universidad del Valle presentar\u00e1 en su estand un n\u00famero aproximado de 40 nuevos t\u00edtulos producidos por su Programa Editorial, entre los que figuran varias obras traducidas del franc\u00e9s.<\/p>\n<p>El rector de Univalle, Edgar Varela Barrios destac\u00f3 que, a lo largo de estos cuatro a\u00f1os, la instituci\u00f3n acad\u00e9mica participa aportando recursos para la realizaci\u00f3n de este evento cultural de ciudad que a la fecha ha congregado a m\u00e1s de 287.000 asistentes. Record\u00f3 que Univalle ha impulsado la regionalizaci\u00f3n de la Feria Internacional del Libro de Cali en cinco de sus sedes: Palmira, Buga, Tulu\u00e1, Buenaventura y Cartago. En todas ellas se realizar\u00e1 un amplio n\u00famero de actividades que incluyen conversatorios, recitales, proyecci\u00f3n de pel\u00edculas, talleres y presentaciones de libros.<\/p>\n<p>Durante la realizaci\u00f3n de la Feria del Libro, profesores, escritores e investigadores vinculados a la Universidad del Valle presentar\u00e1n las nuevas producciones editoriales en el marco de las conferencias y conversatorios que se realizar\u00e1n en los auditorios del certamen.<\/p>\n<p>La Universidad rendir\u00e1 homenaje al escritor Gustavo \u00c1lvarez Gardeaz\u00e1bal el 10 de octubre y como parte del mismo se presentar\u00e1 la reedici\u00f3n de varias de las obras de este reconocido artista tulue\u00f1o, las cuales ser\u00e1n reeditadas por el Programa Editorial que dirige el profesor Omar D\u00edaz Salda\u00f1a.<\/p>\n<p>Durante el acto de presentaci\u00f3n de la FILCali, La Secretaria de Cultura de Cali, Luz Adriana Betancouth Lorza, reconoci\u00f3 el papel que ha ocupado la Universidad del Valle como coorganizadora del evento y record\u00f3 que fue el rector Varela quien propuso hace m\u00e1s de un a\u00f1o la vinculaci\u00f3n de Francia como pa\u00eds invitado tal como se logr\u00f3 con el apoyo de los organizadores. La funcionaria, egresada de la Universidad, estuvo de acuerdo con la nueva propuesta del profesor Varela de promover que China sea el invitado especial de la Feria en su pr\u00f3xima versi\u00f3n.<\/p>\n<p>A su turno, el Presidente de la Fundaci\u00f3n Spiwak, Angel Spiwak resalt\u00f3 que se haya consolidado la Feria Internacional del Libro como un esfuerzo de los sectores p\u00fablico y privado de la ciudad de Cali lo que constituye, seg\u00fan el empresario, un ejemplo de cooperaci\u00f3n en un prop\u00f3sito de promoci\u00f3n de la cultura regional y nacional.<\/p>\n<p>El profesor Edgar Varela Barrios se\u00f1al\u00f3 que la Universidad del Valle buscar\u00e1 que en futuras versiones del certamen se pueda ampl\u00ede el componente regional a las nueve sedes de la Universidad. Dijo que es necesario que en las ciudades donde hay presencia de Univalle se pueda contar con librer\u00edas universitarias y coment\u00f3 que la Universidad y el grupo de editoriales universitarias del Pac\u00edfico, est\u00e1n haciendo un esfuerzo importante para que sus producciones editoriales, en especial las cient\u00edficas y art\u00edsticas, se difundan entre p\u00fablicos m\u00e1s amplios.<\/p>\n<p>En los \u00faltimos tres a\u00f1os, el Programa Editorial de Univalle ha editado m\u00e1s de 135 nuevos t\u00edtulos que contribuyen a ampliar la producci\u00f3n cient\u00edfica y cultural de la regi\u00f3n en diversos campos.<\/p>\n","protected":false},"excerpt":{"rendered":"<p>Agencia de Noticias Univalle La Alcald\u00eda de Cali, la Universidad del Valle y la Fundaci\u00f3n Spiwak presentaron hoy ante los medios de comunicaci\u00f3n la cuarta versi\u00f3n de la Feria Internacional del Libro de Cali que tendr\u00e1 lugar entre el 10 y el 20 de octubre pr\u00f3ximos en el Bulevar del[&#8230;]<\/p>\n","protected":false},"author":1,"featured_media":21294,"comment_status":"open","ping_status":"open","sticky":false,"template":"","format":"standard","meta":{"footnotes":""},"categories":[4],"tags":[],"_links":{"self":[{"href":"https:\/\/emisora.univalle.edu.co\/index.php\/wp-json\/wp\/v2\/posts\/21293"}],"collection":[{"href":"https:\/\/emisora.univalle.edu.co\/index.php\/wp-json\/wp\/v2\/posts"}],"about":[{"href":"https:\/\/emisora.univalle.edu.co\/index.php\/wp-json\/wp\/v2\/types\/post"}],"author":[{"embeddable":true,"href":"https:\/\/emisora.univalle.edu.co\/index.php\/wp-json\/wp\/v2\/users\/1"}],"replies":[{"embeddable":true,"href":"https:\/\/emisora.univalle.edu.co\/index.php\/wp-json\/wp\/v2\/comments?post=21293"}],"version-history":[{"count":1,"href":"https:\/\/emisora.univalle.edu.co\/index.php\/wp-json\/wp\/v2\/posts\/21293\/revisions"}],"predecessor-version":[{"id":21295,"href":"https:\/\/emisora.univalle.edu.co\/index.php\/wp-json\/wp\/v2\/posts\/21293\/revisions\/21295"}],"wp:featuredmedia":[{"embeddable":true,"href":"https:\/\/emisora.univalle.edu.co\/index.php\/wp-json\/wp\/v2\/media\/21294"}],"wp:attachment":[{"href":"https:\/\/emisora.univalle.edu.co\/index.php\/wp-json\/wp\/v2\/media?parent=21293"}],"wp:term":[{"taxonomy":"category","embeddable":true,"href":"https:\/\/emisora.univalle.edu.co\/index.php\/wp-json\/wp\/v2\/categories?post=21293"},{"taxonomy":"post_tag","embeddable":true,"href":"https:\/\/emisora.univalle.edu.co\/index.php\/wp-json\/wp\/v2\/tags?post=21293"}],"curies":[{"name":"wp","href":"https:\/\/api.w.org\/{rel}","templated":true}]}}