{"id":21296,"date":"2019-10-04T14:01:54","date_gmt":"2019-10-04T19:01:54","guid":{"rendered":"https:\/\/emisora.univalle.edu.co\/?p=21296"},"modified":"2019-10-04T14:01:54","modified_gmt":"2019-10-04T19:01:54","slug":"uv-agora-mujeres-emprendedoras","status":"publish","type":"post","link":"https:\/\/emisora.univalle.edu.co\/index.php\/uv-agora-mujeres-emprendedoras\/","title":{"rendered":"UV \u00c1gora: mujeres emprendedoras"},"content":{"rendered":"<p><span class=\"authorPost\">Agencia de Noticias Univalle<\/span><\/p>\n<div class=\"itemFullText\">\n<p>El Programa Institucional Emprendedores de la Universidad del Valle invita a la cuarta edici\u00f3n de UV \u00c1gora, cuyo tema central ser\u00e1 \u2018Mujeres emprendedoras en la econom\u00eda naranja\u2019.<\/p>\n<p>Este evento se realizar\u00e1 el mi\u00e9rcoles 23 de octubre, entre las 8:00 a.m. y las 6:00 p.m., en el Centro M\u00faltiple de Servicios Comfenalco Valle, torre C, quinto piso \u2013 Calle 6 # 6-63 Cali, Valle del Cauca.<\/p>\n<p>\u201cEstamos apost\u00e1ndole a llegar a toda la regi\u00f3n porque queremos que todos aquellos que creen en el poder del emprendimiento como estilo de vida hagan parte de UV \u00c1GORA\u201d se\u00f1al\u00f3 Leandro Mu\u00f1oz, mag\u00edster en Administraci\u00f3n de la Universidad del Valle y coordinador de actividades UV \u00c1GORA.<\/p>\n<p>En esta edici\u00f3n se resaltan tres elementos importantes del emprendimiento en la ciudad: las mujeres emprendedoras, el desarrollo empresarial y la econom\u00eda naranja. Se realizar\u00e1n diferentes actividades como conferencias, networking, pitch comercial, lanzamiento de nuevos productos o servicios a cargo de emprendedores de la Universidad del Valle, actividades culturales y una feria empresarial.<\/p>\n<p>UV \u00c1GORA es el espacio que la Universidad del Valle ha dise\u00f1ado para apoyar a toda la comunidad de emprendedores y empresarios de la regi\u00f3n. Su prop\u00f3sito es fomentar la transferencia de conocimiento y experiencias, fortalecer la cultura del emprendimiento y la innovaci\u00f3n empresarial y fomentar la comunicaci\u00f3n entre los emprendedores.<\/p>\n<p>La entrada es libre, pero requiere registro previo que se podr\u00e1 realizar en el siguiente enlace:\u00a0<a href=\"https:\/\/www.ticketcode.co\/eventos\/uv-agora-2019\">https:\/\/www.ticketcode.co\/eventos\/uv-agora-2019<\/a><\/p>\n<p><strong>Informes<\/strong>: Programa Institucional Emprendedores<br \/>\n<span id=\"cloaka098b9f52146ac021f6d5d5e5701ae92\"><a href=\"mailto:programa.emprendedores@correounivalle.edu.co\">programa.emprendedores@correounivalle.edu.co<\/a><\/span><br \/>\nTel\u00e9fono 321 21 00 EXT 2884<\/p>\n<\/div>\n","protected":false},"excerpt":{"rendered":"<p>Agencia de Noticias Univalle El Programa Institucional Emprendedores de la Universidad del Valle invita a la cuarta edici\u00f3n de UV \u00c1gora, cuyo tema central ser\u00e1 \u2018Mujeres emprendedoras en la econom\u00eda naranja\u2019. Este evento se realizar\u00e1 el mi\u00e9rcoles 23 de octubre, entre las 8:00 a.m. y las 6:00 p.m., en el[&#8230;]<\/p>\n","protected":false},"author":1,"featured_media":21297,"comment_status":"open","ping_status":"open","sticky":false,"template":"","format":"standard","meta":{"footnotes":""},"categories":[4],"tags":[],"_links":{"self":[{"href":"https:\/\/emisora.univalle.edu.co\/index.php\/wp-json\/wp\/v2\/posts\/21296"}],"collection":[{"href":"https:\/\/emisora.univalle.edu.co\/index.php\/wp-json\/wp\/v2\/posts"}],"about":[{"href":"https:\/\/emisora.univalle.edu.co\/index.php\/wp-json\/wp\/v2\/types\/post"}],"author":[{"embeddable":true,"href":"https:\/\/emisora.univalle.edu.co\/index.php\/wp-json\/wp\/v2\/users\/1"}],"replies":[{"embeddable":true,"href":"https:\/\/emisora.univalle.edu.co\/index.php\/wp-json\/wp\/v2\/comments?post=21296"}],"version-history":[{"count":1,"href":"https:\/\/emisora.univalle.edu.co\/index.php\/wp-json\/wp\/v2\/posts\/21296\/revisions"}],"predecessor-version":[{"id":21298,"href":"https:\/\/emisora.univalle.edu.co\/index.php\/wp-json\/wp\/v2\/posts\/21296\/revisions\/21298"}],"wp:featuredmedia":[{"embeddable":true,"href":"https:\/\/emisora.univalle.edu.co\/index.php\/wp-json\/wp\/v2\/media\/21297"}],"wp:attachment":[{"href":"https:\/\/emisora.univalle.edu.co\/index.php\/wp-json\/wp\/v2\/media?parent=21296"}],"wp:term":[{"taxonomy":"category","embeddable":true,"href":"https:\/\/emisora.univalle.edu.co\/index.php\/wp-json\/wp\/v2\/categories?post=21296"},{"taxonomy":"post_tag","embeddable":true,"href":"https:\/\/emisora.univalle.edu.co\/index.php\/wp-json\/wp\/v2\/tags?post=21296"}],"curies":[{"name":"wp","href":"https:\/\/api.w.org\/{rel}","templated":true}]}}