{"id":21305,"date":"2019-10-16T11:05:43","date_gmt":"2019-10-16T16:05:43","guid":{"rendered":"https:\/\/emisora.univalle.edu.co\/?p=21305"},"modified":"2019-10-16T11:05:43","modified_gmt":"2019-10-16T16:05:43","slug":"edgar-varela-designado-rector-de-la-universidad-del-valle","status":"publish","type":"post","link":"https:\/\/emisora.univalle.edu.co\/index.php\/edgar-varela-designado-rector-de-la-universidad-del-valle\/","title":{"rendered":"Edgar Varela designado Rector de la Universidad del Valle"},"content":{"rendered":"<p>El Rector de la Universidad del Valle Edgar Varela Barrios fue designado para el per\u00edodo 2019 \u2013 2023, de forma un\u00e1nime por parte del Consejo Superior de la instituci\u00f3n en sesi\u00f3n de hoy viernes 11 de octubre de 2019.<\/p>\n<p>El Consejo Superior, integrado por nueve miembros, incluidos un delegado del Presidente de la Rep\u00fablica y otro de la Ministra de Educaci\u00f3n, es presidido por la Gobernadora del Departamento, Dilian Francisca Toro Torres.<\/p>\n<p>El proceso de designaci\u00f3n del Rector de la Universidad, que inici\u00f3 en agosto del presente a\u00f1o, incluy\u00f3 una consulta a todos los profesores y estudiantes de la Universidad que, en ambos casos, favoreci\u00f3 al designado rector.<\/p>\n<p>El profesor Edgar Varela Barrios, desempe\u00f1a el cargo desde noviembre de 2015, es licenciado en filosof\u00eda, Mag\u00edster en historia andina de la Universidad del Valle y Doctor en Administraci\u00f3n (Opci\u00f3n Managment) de la Escuela de Altos Estudios Comerciales de la Universidad de Montreal &#8211; Canad\u00e1.<\/p>\n<p>Es profesor titular de la Facultad de Ciencias de la Administraci\u00f3n, cofundador del \u00abLatin American Group for Public Administration\u00bb &#8211; LAGPA, expresi\u00f3n regional del \u00abInternational Institute of Administrative Sciences\u00bb -IIAS; presidente del Consejo Directivo de Biotec; vicepresidente de la Conferencia de Rectores de Universidades Latinoamericanas; miembro del Consejo Nacional de Rectores de ASCUN y de la Junta Directiva de Universia.<\/p>\n","protected":false},"excerpt":{"rendered":"<p>El Rector de la Universidad del Valle Edgar Varela Barrios fue designado para el per\u00edodo 2019 \u2013 2023, de forma un\u00e1nime por parte del Consejo Superior de la instituci\u00f3n en sesi\u00f3n de hoy viernes 11 de octubre de 2019. El Consejo Superior, integrado por nueve miembros, incluidos un delegado del[&#8230;]<\/p>\n","protected":false},"author":1,"featured_media":21306,"comment_status":"open","ping_status":"open","sticky":false,"template":"","format":"standard","meta":{"footnotes":""},"categories":[4],"tags":[],"_links":{"self":[{"href":"https:\/\/emisora.univalle.edu.co\/index.php\/wp-json\/wp\/v2\/posts\/21305"}],"collection":[{"href":"https:\/\/emisora.univalle.edu.co\/index.php\/wp-json\/wp\/v2\/posts"}],"about":[{"href":"https:\/\/emisora.univalle.edu.co\/index.php\/wp-json\/wp\/v2\/types\/post"}],"author":[{"embeddable":true,"href":"https:\/\/emisora.univalle.edu.co\/index.php\/wp-json\/wp\/v2\/users\/1"}],"replies":[{"embeddable":true,"href":"https:\/\/emisora.univalle.edu.co\/index.php\/wp-json\/wp\/v2\/comments?post=21305"}],"version-history":[{"count":1,"href":"https:\/\/emisora.univalle.edu.co\/index.php\/wp-json\/wp\/v2\/posts\/21305\/revisions"}],"predecessor-version":[{"id":21307,"href":"https:\/\/emisora.univalle.edu.co\/index.php\/wp-json\/wp\/v2\/posts\/21305\/revisions\/21307"}],"wp:featuredmedia":[{"embeddable":true,"href":"https:\/\/emisora.univalle.edu.co\/index.php\/wp-json\/wp\/v2\/media\/21306"}],"wp:attachment":[{"href":"https:\/\/emisora.univalle.edu.co\/index.php\/wp-json\/wp\/v2\/media?parent=21305"}],"wp:term":[{"taxonomy":"category","embeddable":true,"href":"https:\/\/emisora.univalle.edu.co\/index.php\/wp-json\/wp\/v2\/categories?post=21305"},{"taxonomy":"post_tag","embeddable":true,"href":"https:\/\/emisora.univalle.edu.co\/index.php\/wp-json\/wp\/v2\/tags?post=21305"}],"curies":[{"name":"wp","href":"https:\/\/api.w.org\/{rel}","templated":true}]}}