{"id":21308,"date":"2019-10-16T11:11:04","date_gmt":"2019-10-16T16:11:04","guid":{"rendered":"https:\/\/emisora.univalle.edu.co\/?p=21308"},"modified":"2019-10-16T11:11:04","modified_gmt":"2019-10-16T16:11:04","slug":"ante-todo-soy-un-profesor-rector-edgar-varela","status":"publish","type":"post","link":"https:\/\/emisora.univalle.edu.co\/index.php\/ante-todo-soy-un-profesor-rector-edgar-varela\/","title":{"rendered":"\u201cAnte todo, soy un profesor\u201d, Rector Edgar Varela"},"content":{"rendered":"<p>\u201cSiempre he sido un acad\u00e9mico, un profesor universitario y un investigador. Estar\u00e9 otros cuatro a\u00f1os al frente de la Universidad para trabajar en equipo con todos los docentes, empleados y trabajadores y seguir sac\u00e1ndola adelante. En la universidad en general no me dicen rector, siempre me dicen profesor Varela, lo cual valoro mucho\u201d .<\/p>\n<p>\u201cSomos profesores de carrera los que estamos al frente de la Universidad, en los decanatos y vicerrector\u00edas. Somos un cuerpo acad\u00e9mico muy comprometido. Soy uno m\u00e1s de ellos y tengo la ocasi\u00f3n de tener la posta del liderazgo, como la han tenido otros rectores y profesores universitarios de magn\u00edfico desempe\u00f1o. Creo que hay que seguir en nuestra tarea de fortalecer nuestra universidad\u201d a\u00f1adi\u00f3 Edgar Varela.<\/p>\n<p>El Rector de la Universidad del Valle Edgar Varela Barrios fue designado para el per\u00edodo 2019 \u2013 2023, de forma un\u00e1nime por parte del Consejo Superior de la instituci\u00f3n en sesi\u00f3n del pasado viernes 11 de octubre de 2019.<\/p>\n<p>El Consejo Superior, integrado por nueve miembros, incluidos un delegado del Presidente de la Rep\u00fablica y otro de la Ministra de Educaci\u00f3n, es presidido por la Gobernadora del Departamento, Dilian Francisca Toro Torres.<\/p>\n<p>\u201cAgradezco el apoyo del Consejo Superior que, despu\u00e9s de un proceso de m\u00e1s de dos meses y medio, por unanimidad me ha nombrado por cuatro a\u00f1os m\u00e1s como rector de la Universidad del Valle. Tambi\u00e9n tuve por unanimidad el voto de confianza del Consejo Acad\u00e9mico. Particip\u00e9 en una consulta con los estamentos estudiantil y profesoral, la cual gan\u00e9, en franca lid con otros profesores, los cuales valoro y respeto porque hicieron parte de un proceso democr\u00e1tico, que consolida nuestra universidad con un alto nivel de institucionalidad. Creo que es el premio a un trabajo de cuatro a\u00f1os, no solo m\u00edo, sino de todo el equipo directivo, decanos, directores de sedes, profesorado y empleados que han trabajado tanto por nuestra universidad. Es tambi\u00e9n un reto a futuro, en metas que debemos cumplir, que est\u00e1n en mi programa, en el Plan de Desarrollo de nuestra universidad\u201d, manifest\u00f3 el rector Varela luego de conocerse la decisi\u00f3n del Consejo Superior.<\/p>\n<p>\u201cTenemos metas muy ambiciosas en materia de cobertura, posgrados, seguir siendo una universidad de muy alto nivel en investigaci\u00f3n, avanzar mucho m\u00e1s en temas de bienestar y participar en la construcci\u00f3n de la pol\u00edtica p\u00fablica de educaci\u00f3n superior, fortaleciendo nuestras universidades p\u00fablicas y haci\u00e9ndolas cada d\u00eda una ventana mayor para la equidad y de acceso a los sectores m\u00e1s desfavorecidos, porque a eso nos debemos. Somos una entidad oficial del Estado y estamos al servicio de la sociedad. Necesitamos m\u00e1s estudiantes, m\u00e1s inclusi\u00f3n. Esa es la meta en la que voy a trabajar para los pr\u00f3ximos a\u00f1os\u201d, a\u00f1adi\u00f3.<\/p>\n<p>Dentro de las propuestas de trabajo para el nuevo periodo son la gesti\u00f3n de la renovaci\u00f3n de la acreditaci\u00f3n institucional, dado que la actual cumple 10 a\u00f1os en el 2024; el dise\u00f1o de un Plan Estrat\u00e9gico para asumir el nuevo norte estrat\u00e9gico institucional a 20 a\u00f1os; la creaci\u00f3n de un sistema interno de aseguramiento de la calidad, coherente con los procesos institucionales que dan cuenta del alto nivel de desempe\u00f1o de la Universidad en todos sus \u00e1mbitos de operaci\u00f3n.<\/p>\n<p>As\u00ed mismo, el rector Varela Barrios y su equipo de trabajo trabajar\u00e1n en la consolidaci\u00f3n del proceso de transformaci\u00f3n digital de la Universidad para aumentar su eficiencia en la operaci\u00f3n, administraci\u00f3n y gesti\u00f3n general, considerando que en el mediano y largo plazos la entidad ver\u00e1 reflejado su esfuerzo e inversi\u00f3n en infraestructura tecnol\u00f3gica por el impacto en sus funciones misionales y el crecimiento del personal docente y administrativo.<\/p>\n<p>Continuar trabajando en el posicionamiento de la Universidad del Valle como aliada activa de la Naci\u00f3n, los entes territoriales, la academia, del tercer sector y del empresariado en general, es otro de los objetivos para la nueva vigencia.<\/p>\n<p>El proceso de designaci\u00f3n del Rector de la Universidad, que inici\u00f3 en agosto del presente a\u00f1o, incluy\u00f3 una consulta a todos los profesores y estudiantes de la Universidad que, en ambos casos, favoreci\u00f3 al designado rector.<\/p>\n<p>El profesor Edgar Varela Barrios, desempe\u00f1a el cargo desde noviembre de 2015, es licenciado en filosof\u00eda, Mag\u00edster en historia andina de la Universidad del Valle y Doctor en Administraci\u00f3n (Opci\u00f3n Managment) de la Escuela de Altos Estudios Comerciales de la Universidad de Montreal &#8211; Canad\u00e1.<\/p>\n<p>Es profesor titular de la Facultad de Ciencias de la Administraci\u00f3n, cofundador del \u00abLatin American Group for Public Administration\u00bb &#8211; LAGPA, expresi\u00f3n regional del \u00abInternational Institute of Administrative Sciences\u00bb -IIAS; presidente del Consejo Directivo de Biotec; vicepresidente de la Conferencia de Rectores de Universidades Latinoamericanas; miembro del Consejo Nacional de Rectores de ASCUN y de la Junta Directiva de Universia.<\/p>\n","protected":false},"excerpt":{"rendered":"<p>\u201cSiempre he sido un acad\u00e9mico, un profesor universitario y un investigador. Estar\u00e9 otros cuatro a\u00f1os al frente de la Universidad para trabajar en equipo con todos los docentes, empleados y trabajadores y seguir sac\u00e1ndola adelante. En la universidad en general no me dicen rector, siempre me dicen profesor Varela, lo[&#8230;]<\/p>\n","protected":false},"author":1,"featured_media":21309,"comment_status":"open","ping_status":"open","sticky":false,"template":"","format":"standard","meta":{"footnotes":""},"categories":[4],"tags":[],"_links":{"self":[{"href":"https:\/\/emisora.univalle.edu.co\/index.php\/wp-json\/wp\/v2\/posts\/21308"}],"collection":[{"href":"https:\/\/emisora.univalle.edu.co\/index.php\/wp-json\/wp\/v2\/posts"}],"about":[{"href":"https:\/\/emisora.univalle.edu.co\/index.php\/wp-json\/wp\/v2\/types\/post"}],"author":[{"embeddable":true,"href":"https:\/\/emisora.univalle.edu.co\/index.php\/wp-json\/wp\/v2\/users\/1"}],"replies":[{"embeddable":true,"href":"https:\/\/emisora.univalle.edu.co\/index.php\/wp-json\/wp\/v2\/comments?post=21308"}],"version-history":[{"count":2,"href":"https:\/\/emisora.univalle.edu.co\/index.php\/wp-json\/wp\/v2\/posts\/21308\/revisions"}],"predecessor-version":[{"id":21311,"href":"https:\/\/emisora.univalle.edu.co\/index.php\/wp-json\/wp\/v2\/posts\/21308\/revisions\/21311"}],"wp:featuredmedia":[{"embeddable":true,"href":"https:\/\/emisora.univalle.edu.co\/index.php\/wp-json\/wp\/v2\/media\/21309"}],"wp:attachment":[{"href":"https:\/\/emisora.univalle.edu.co\/index.php\/wp-json\/wp\/v2\/media?parent=21308"}],"wp:term":[{"taxonomy":"category","embeddable":true,"href":"https:\/\/emisora.univalle.edu.co\/index.php\/wp-json\/wp\/v2\/categories?post=21308"},{"taxonomy":"post_tag","embeddable":true,"href":"https:\/\/emisora.univalle.edu.co\/index.php\/wp-json\/wp\/v2\/tags?post=21308"}],"curies":[{"name":"wp","href":"https:\/\/api.w.org\/{rel}","templated":true}]}}