{"id":21319,"date":"2019-10-30T14:54:11","date_gmt":"2019-10-30T19:54:11","guid":{"rendered":"https:\/\/emisora.univalle.edu.co\/?p=21319"},"modified":"2019-10-30T14:54:11","modified_gmt":"2019-10-30T19:54:11","slug":"jose-luis-garces-en-viernes-de-letras","status":"publish","type":"post","link":"https:\/\/emisora.univalle.edu.co\/index.php\/jose-luis-garces-en-viernes-de-letras\/","title":{"rendered":"Jos\u00e9 Luis Garc\u00e9s en Viernes de Letras"},"content":{"rendered":"<p><span class=\"authorPost\">Agencia de Noticias Univalle<\/span><\/p>\n<div class=\"itemFullText\">\n<p>La Escuela de Estudios Literarios, con el apoyo del \u00c1rea Cultural Divisi\u00f3n de Bibliotecas y de la Rector\u00eda, a la pr\u00f3xima sesi\u00f3n de su ciclo de conferencias y conversatorios de Viernes de Letras con el escritor monteriano Jos\u00e9 Luis Garc\u00e9s Gonz\u00e1lez.<\/p>\n<p>El conversatorio se realizar\u00e1 este viernes 01 de noviembre de 2019, a las 6:00 pm, en el Auditorio \u00c1ngel Zapata, Biblioteca Mario Carvajal, Universidad del Valle, Campus de Mel\u00e9ndez.<\/p>\n<p>En esta ocasi\u00f3n el conversatorio ser\u00e1 guiado por el profesor Fabio Mart\u00ednez.<\/p>\n<p>Jos\u00e9 Luis Garc\u00e9s Gonz\u00e1lez es escritor, cuentista y ensayista nacido en Monter\u00eda, en 1950. Licenciado en Ciencias Sociales de la Universidad de C\u00f3rdoba. Entre sus obras m\u00e1s importantes se encuentran los libros de cuentos: \u00abOscuras cronolog\u00edas\u00bb (1980), \u00abBalada del amor final\u00bb (1986) y \u00abLa muerte del fil\u00f3sofo y otras narraciones\u00bb (2009); tambi\u00e9n se destacan las novelas: \u00abEntre la soledad y los cuchillos\u00bb (1985), \u00abEse viejo vino oscuro\u00bb (2005) y \u00abFuga de caballos\u00bb (2013); y los ensayos: \u00abLos locos de Monter\u00eda\u00bb (1992), \u00abManuel Zapata Olivella, caminante de la literatura y de la historia\u00bb (2002) y \u00abTextos de medianoche\u00bb (2010).<\/p>\n<p>Algunos de los galardones que ha recibido son el Primer Premio al Mejor Env\u00edo Extranjero, Concurso de Cuentos Javiera Carrera en Valpara\u00edso, Chile (1983), Primer Premio de Novela Ciudad de Pereira (1984), Segundo Premio Plaza y Jan\u00e9s (1985).<\/p>\n<p>Actualmente se desempe\u00f1a como profesor del Departamento de Espa\u00f1ol y Literatura de la Universidad de C\u00f3rdoba.<\/p>\n<\/div>\n","protected":false},"excerpt":{"rendered":"<p>Agencia de Noticias Univalle La Escuela de Estudios Literarios, con el apoyo del \u00c1rea Cultural Divisi\u00f3n de Bibliotecas y de la Rector\u00eda, a la pr\u00f3xima sesi\u00f3n de su ciclo de conferencias y conversatorios de Viernes de Letras con el escritor monteriano Jos\u00e9 Luis Garc\u00e9s Gonz\u00e1lez. El conversatorio se realizar\u00e1 este[&#8230;]<\/p>\n","protected":false},"author":1,"featured_media":21320,"comment_status":"open","ping_status":"open","sticky":false,"template":"","format":"standard","meta":{"footnotes":""},"categories":[4],"tags":[],"_links":{"self":[{"href":"https:\/\/emisora.univalle.edu.co\/index.php\/wp-json\/wp\/v2\/posts\/21319"}],"collection":[{"href":"https:\/\/emisora.univalle.edu.co\/index.php\/wp-json\/wp\/v2\/posts"}],"about":[{"href":"https:\/\/emisora.univalle.edu.co\/index.php\/wp-json\/wp\/v2\/types\/post"}],"author":[{"embeddable":true,"href":"https:\/\/emisora.univalle.edu.co\/index.php\/wp-json\/wp\/v2\/users\/1"}],"replies":[{"embeddable":true,"href":"https:\/\/emisora.univalle.edu.co\/index.php\/wp-json\/wp\/v2\/comments?post=21319"}],"version-history":[{"count":1,"href":"https:\/\/emisora.univalle.edu.co\/index.php\/wp-json\/wp\/v2\/posts\/21319\/revisions"}],"predecessor-version":[{"id":21321,"href":"https:\/\/emisora.univalle.edu.co\/index.php\/wp-json\/wp\/v2\/posts\/21319\/revisions\/21321"}],"wp:featuredmedia":[{"embeddable":true,"href":"https:\/\/emisora.univalle.edu.co\/index.php\/wp-json\/wp\/v2\/media\/21320"}],"wp:attachment":[{"href":"https:\/\/emisora.univalle.edu.co\/index.php\/wp-json\/wp\/v2\/media?parent=21319"}],"wp:term":[{"taxonomy":"category","embeddable":true,"href":"https:\/\/emisora.univalle.edu.co\/index.php\/wp-json\/wp\/v2\/categories?post=21319"},{"taxonomy":"post_tag","embeddable":true,"href":"https:\/\/emisora.univalle.edu.co\/index.php\/wp-json\/wp\/v2\/tags?post=21319"}],"curies":[{"name":"wp","href":"https:\/\/api.w.org\/{rel}","templated":true}]}}