{"id":21322,"date":"2019-10-30T15:00:26","date_gmt":"2019-10-30T20:00:26","guid":{"rendered":"https:\/\/emisora.univalle.edu.co\/?p=21322"},"modified":"2019-10-30T15:00:26","modified_gmt":"2019-10-30T20:00:26","slug":"9646-estudiantes-en-las-13-olimpiadas-de-matematicas","status":"publish","type":"post","link":"https:\/\/emisora.univalle.edu.co\/index.php\/9646-estudiantes-en-las-13-olimpiadas-de-matematicas\/","title":{"rendered":"9646 estudiantes en las 13 Olimpiadas de Matem\u00e1ticas"},"content":{"rendered":"<p><span class=\"authorPost\">Agencia de Noticias Univalle<\/span><\/p>\n<div class=\"itemFullText\">\n<p>Del 01 al 03 de noviembre se realizar\u00e1n de manera paralela la fase final nacional de las 13\u00b0 Olimpiadas Regionales de Matem\u00e1ticas (ORM), la 6\u00aa versi\u00f3n de Hablemos de Matem\u00e1ticas y la 8\u00aa Jornada de Formaci\u00f3n Docente, eventos coordinados por los comit\u00e9s de Olimpiadas Regionales de Matem\u00e1ticas y Semillero de Ciencias ; ambos proyectos de proyecci\u00f3n social son liderados por el Departamento de Matem\u00e1ticas de la Universidad del Valle.<\/p>\n<p><strong>13\u00b0 Olimpiadas Regionales de Matem\u00e1ticas<\/strong><\/p>\n<p>9646 estudiantes de bachillerato provenientes de 8 departamentos del pa\u00eds (189 instituciones educativas) participan este a\u00f1o en la versi\u00f3n n\u00famero 13 de las ORM. De esos 9646 estudiantes 215 fueron seleccionados por su desempe\u00f1o acad\u00e9mico para disputar la fase final de las Olimpiadas.<\/p>\n<p>Este a\u00f1o en las 13 ORM participaron 1246 estudiantes m\u00e1s que en la versi\u00f3n anterior, aumentando tambi\u00e9n el n\u00famero de instituciones participantes y departamentos alcanzados.<\/p>\n<p>El s\u00e1bado 02 de noviembre se realizar\u00e1n los ex\u00e1menes finales para elegir a los mejores estudiantes en los niveles b\u00e1sico (grados 6\u00b0 y 7\u00b0), medio (grados 8\u00b0 y 9\u00b0) y avanzado (grados 10\u00b0 y 11\u00b0). El domingo 03, a partir de las 11:00 a.m., se realizar\u00e1 el acto de clausura y premiaci\u00f3n.<\/p>\n<p>Adem\u00e1s de la final nacional se hace reconocimiento a los estudiantes con mejor desempe\u00f1o acad\u00e9mico en cada nivel por zona. Las zonas son: Cali, Popay\u00e1n, Cauca, Norte, Centro, Suroriente, Suroccidente y Resto del Pa\u00eds.<\/p>\n<p>Sobre las ORM: Se desarrollan durante diez meses, en febrero inician las inscripciones y a lo largo del a\u00f1o se realizan tres fases de clasificaci\u00f3n donde los participantes abordan \u201cproblemas no t\u00edpicos\u201d que involucran el pensamiento matem\u00e1tico.<\/p>\n<p><strong>6\u00aa Hablemos de Matem\u00e1ticas y 8\u00aa Jornada de Formaci\u00f3n Docente<\/strong><\/p>\n<p>La 6\u00aa versi\u00f3n de Hablemos de Matem\u00e1ticas y la 8\u00aa Jornada de Formaci\u00f3n Docente son espacios de reflexi\u00f3n y divulgaci\u00f3n acad\u00e9mica para docentes, que tienen como prop\u00f3sito enriquecer su labor para mejorar la experiencia de ense\u00f1anza-aprendizaje en el aula a trav\u00e9s de distintas propuestas de intervenci\u00f3n.<\/p>\n<p>En esta ocasi\u00f3n, Hablemos de Matem\u00e1ticas, dirigido a los profesores enlace de las 13ORM, y la 8\u00aa Jornada de Formaci\u00f3n Docente, dirigida a los profesores de la regi\u00f3n, se fusionaron en un gran evento compuesto por 5 talleres, 6 conferencias y un conversatorio que permitir\u00e1n a los asistentes apropiarse de diversos protocolos que puedan replicar y enriquecer en su labor docente, tales como la resoluci\u00f3n de problemas, la formaci\u00f3n de pensamiento matem\u00e1tico, las diferentes l\u00f3gicas que circulan en el \u00e1mbito escolar, la importancia de la l\u00fadicas y el uso favorable de las herramientas tecnol\u00f3gicas.<\/p>\n<\/div>\n","protected":false},"excerpt":{"rendered":"<p>Agencia de Noticias Univalle Del 01 al 03 de noviembre se realizar\u00e1n de manera paralela la fase final nacional de las 13\u00b0 Olimpiadas Regionales de Matem\u00e1ticas (ORM), la 6\u00aa versi\u00f3n de Hablemos de Matem\u00e1ticas y la 8\u00aa Jornada de Formaci\u00f3n Docente, eventos coordinados por los comit\u00e9s de Olimpiadas Regionales de[&#8230;]<\/p>\n","protected":false},"author":1,"featured_media":21323,"comment_status":"open","ping_status":"open","sticky":false,"template":"","format":"standard","meta":{"footnotes":""},"categories":[4],"tags":[],"_links":{"self":[{"href":"https:\/\/emisora.univalle.edu.co\/index.php\/wp-json\/wp\/v2\/posts\/21322"}],"collection":[{"href":"https:\/\/emisora.univalle.edu.co\/index.php\/wp-json\/wp\/v2\/posts"}],"about":[{"href":"https:\/\/emisora.univalle.edu.co\/index.php\/wp-json\/wp\/v2\/types\/post"}],"author":[{"embeddable":true,"href":"https:\/\/emisora.univalle.edu.co\/index.php\/wp-json\/wp\/v2\/users\/1"}],"replies":[{"embeddable":true,"href":"https:\/\/emisora.univalle.edu.co\/index.php\/wp-json\/wp\/v2\/comments?post=21322"}],"version-history":[{"count":1,"href":"https:\/\/emisora.univalle.edu.co\/index.php\/wp-json\/wp\/v2\/posts\/21322\/revisions"}],"predecessor-version":[{"id":21324,"href":"https:\/\/emisora.univalle.edu.co\/index.php\/wp-json\/wp\/v2\/posts\/21322\/revisions\/21324"}],"wp:featuredmedia":[{"embeddable":true,"href":"https:\/\/emisora.univalle.edu.co\/index.php\/wp-json\/wp\/v2\/media\/21323"}],"wp:attachment":[{"href":"https:\/\/emisora.univalle.edu.co\/index.php\/wp-json\/wp\/v2\/media?parent=21322"}],"wp:term":[{"taxonomy":"category","embeddable":true,"href":"https:\/\/emisora.univalle.edu.co\/index.php\/wp-json\/wp\/v2\/categories?post=21322"},{"taxonomy":"post_tag","embeddable":true,"href":"https:\/\/emisora.univalle.edu.co\/index.php\/wp-json\/wp\/v2\/tags?post=21322"}],"curies":[{"name":"wp","href":"https:\/\/api.w.org\/{rel}","templated":true}]}}