{"id":21327,"date":"2019-11-05T12:08:38","date_gmt":"2019-11-05T17:08:38","guid":{"rendered":"https:\/\/emisora.univalle.edu.co\/?p=21327"},"modified":"2019-11-05T12:08:38","modified_gmt":"2019-11-05T17:08:38","slug":"rector-edgar-varela-presidente-de-la-conferencia-de-rectores-de-universidades-latinoamericanas","status":"publish","type":"post","link":"https:\/\/emisora.univalle.edu.co\/index.php\/rector-edgar-varela-presidente-de-la-conferencia-de-rectores-de-universidades-latinoamericanas\/","title":{"rendered":"Rector Edgar Varela, presidente de la Conferencia de Rectores de Universidades Latinoamericanas"},"content":{"rendered":"<p><span class=\"authorPost\">Agencia de Noticias Univalle<\/span><\/p>\n<div class=\"itemFullText\">\n<p>Como Presidente de la Conferencia de Rectores de universidades Latinoamericanas -CRULA- (miembros de la Agence Universitaire de la Francophonie) fue designado el rector de la Universidad del Valle, Edgar Varela Barrios. Este organismo re\u00fane a 45 universidades latinoamericanas que promueven la francofon\u00eda y que tienen alianzas con entes franc\u00f3fonos cient\u00edficos y de formaci\u00f3n en todo el mundo. El profesor Varela ocupar\u00e1 esta posici\u00f3n durante el bienio 2019-2021.<\/p>\n<p>La CRULA hace parte de la Agencia Universitaria de la Francofon\u00eda -AUF- que integran m\u00e1s de 944 universidades, grandes escuelas redes universitarias y centros de investigaci\u00f3n cient\u00edfica que utilizan la lengua francesa en 113 pa\u00edses.<\/p>\n<p>Durante sesi\u00f3n de la CRULA realizada en Bogot\u00e1 en el marco del Congreso de las Am\u00e9ricas sobre Educaci\u00f3n Internacional \u2013 CAEI- se present\u00f3 el balance del per\u00edodo 2017 a 2019 por parte del presidente saliente Anisio Brasileiro, Ex rector de la Universidad Federal de Pernambuco, Brasil, y de su equipo de apoyo en la CRULA conformado por directivos de varias universidades.<\/p>\n<p>El profesor Brasilero destac\u00f3 que, durante su periodo de gesti\u00f3n, la participaci\u00f3n de las Universidades en las sesiones realizadas se duplic\u00f3 y record\u00f3 que el \u00e9nfasis de su gesti\u00f3n se encamin\u00f3 a fomentar la movilidad, a incrementar el uso del idioma y lograr m\u00e1s investigaci\u00f3n.<\/p>\n<p>A su turno, el profesor Edgar Varela Barrios anunci\u00f3 que respaldar\u00e1 todos los planes y proyectos que hasta ahora viene adelantando la comisi\u00f3n de trabajo de la CRULA y que impulsar\u00e1 las comisiones de gobernanza\u00a0e innovaci\u00f3n. Dijo que es urgente fijar en detalle las metodolog\u00edas, estructura y los actores espec\u00edficos que se requieren para orientar recursos a la ejecuci\u00f3n de la primera etapa de la pol\u00edtica de promoci\u00f3n de programas de posgrado y, en especial de la formaci\u00f3n doctoral por parte de redes de universidades latinoamericanas franc\u00f3fonas para que miles de j\u00f3venes puedan participar de los incentivos para la formaci\u00f3n y movilizaci\u00f3n.<\/p>\n<p>En su calidad de doctor en administraci\u00f3n, egresado de la Escuela de Altos estudios de Montreal -HEC-, ente que ofrece formaci\u00f3n con base en el sistema franc\u00e9s, el profesor Varela conoce en detalle las caracter\u00edsticas de los modelos de ense\u00f1anza y las pol\u00edticas de formaci\u00f3n superior en pa\u00edses franc\u00f3fonos.<\/p>\n<p>El directivo expres\u00f3 que es prioritario fortalecer la gobernanza del organismo con el fin de que se ejecuten planes de acci\u00f3n efectivos que fortalezcan la internacionalizaci\u00f3n de las universidades y apuntar a una mayor integraci\u00f3n de la universidad latinoamericana en general con la cultura francesa.<\/p>\n<p>El rector de la Agencia Universitaria de la Francofon\u00eda -AUF- Jean Paul de Gaudemar, se\u00f1al\u00f3 que este organismo se esfuerza por superar con conocimiento e inversi\u00f3n colaborativa la tendencia actual en el mundo a la p\u00e9rdida de humanismo acentuada por la globalizaci\u00f3n: \u201cbuscamos la transformaci\u00f3n y la innovaci\u00f3n social con pol\u00edticas p\u00fablicas m\u00e1s eficaces y promoviendo las competencias de grupos integrados por investigadores y cient\u00edficos con preocupaci\u00f3n por lo social con proyectos solidarios y compartidos.<\/p>\n<p>Explic\u00f3 que la AUF interviene en temas como la salud, cambio clim\u00e1tico, empleo, servicios sociales, financiaci\u00f3n, saneamiento b\u00e1sico y empleo, todo con el fin de lograr un mundo menos desigual, menos pobre y menos violento.<\/p>\n<\/div>\n","protected":false},"excerpt":{"rendered":"<p>Agencia de Noticias Univalle Como Presidente de la Conferencia de Rectores de universidades Latinoamericanas -CRULA- (miembros de la Agence Universitaire de la Francophonie) fue designado el rector de la Universidad del Valle, Edgar Varela Barrios. Este organismo re\u00fane a 45 universidades latinoamericanas que promueven la francofon\u00eda y que tienen alianzas[&#8230;]<\/p>\n","protected":false},"author":1,"featured_media":21328,"comment_status":"open","ping_status":"open","sticky":false,"template":"","format":"standard","meta":{"footnotes":""},"categories":[4],"tags":[],"_links":{"self":[{"href":"https:\/\/emisora.univalle.edu.co\/index.php\/wp-json\/wp\/v2\/posts\/21327"}],"collection":[{"href":"https:\/\/emisora.univalle.edu.co\/index.php\/wp-json\/wp\/v2\/posts"}],"about":[{"href":"https:\/\/emisora.univalle.edu.co\/index.php\/wp-json\/wp\/v2\/types\/post"}],"author":[{"embeddable":true,"href":"https:\/\/emisora.univalle.edu.co\/index.php\/wp-json\/wp\/v2\/users\/1"}],"replies":[{"embeddable":true,"href":"https:\/\/emisora.univalle.edu.co\/index.php\/wp-json\/wp\/v2\/comments?post=21327"}],"version-history":[{"count":1,"href":"https:\/\/emisora.univalle.edu.co\/index.php\/wp-json\/wp\/v2\/posts\/21327\/revisions"}],"predecessor-version":[{"id":21329,"href":"https:\/\/emisora.univalle.edu.co\/index.php\/wp-json\/wp\/v2\/posts\/21327\/revisions\/21329"}],"wp:featuredmedia":[{"embeddable":true,"href":"https:\/\/emisora.univalle.edu.co\/index.php\/wp-json\/wp\/v2\/media\/21328"}],"wp:attachment":[{"href":"https:\/\/emisora.univalle.edu.co\/index.php\/wp-json\/wp\/v2\/media?parent=21327"}],"wp:term":[{"taxonomy":"category","embeddable":true,"href":"https:\/\/emisora.univalle.edu.co\/index.php\/wp-json\/wp\/v2\/categories?post=21327"},{"taxonomy":"post_tag","embeddable":true,"href":"https:\/\/emisora.univalle.edu.co\/index.php\/wp-json\/wp\/v2\/tags?post=21327"}],"curies":[{"name":"wp","href":"https:\/\/api.w.org\/{rel}","templated":true}]}}