{"id":21427,"date":"2020-02-12T10:08:25","date_gmt":"2020-02-12T15:08:25","guid":{"rendered":"https:\/\/emisora.univalle.edu.co\/?p=21427"},"modified":"2020-02-12T10:08:25","modified_gmt":"2020-02-12T15:08:25","slug":"exposicion-el-ultimo-testigo","status":"publish","type":"post","link":"https:\/\/emisora.univalle.edu.co\/index.php\/exposicion-el-ultimo-testigo\/","title":{"rendered":"Exposici\u00f3n El \u00daltimo Testigo"},"content":{"rendered":"<p>La Exposici\u00f3n El \u00daltimo Testigo est\u00e1 compuesta por una serie de cortometrajes documentales que pone en escena historias que acontecieron hace d\u00e9cadas, de las que solo queda un \u00faltimo testigo. Esta exposici\u00f3n estar\u00e1 alojada en la Sala Mutis de la Biblioteca Mario Carvajal de la Universidad del Valle hasta el pr\u00f3ximo 26 de febrero.<\/p>\n<p>El acto central tendr\u00e1 lugar en la Sala Mutis el pr\u00f3ximo jueves 13 de febrero a las 6:00 p.m. con un conversatorio por parte de los autores de la obra. Igualmente, como parte del componente pedag\u00f3gico de esta exposici\u00f3n se realizar\u00e1n visitas guiadas, acompa\u00f1adas de una charla sobre el proceso y objetivo de la exposici\u00f3n.<\/p>\n<p>Apelando a la nostalgia y el recuerdo, la serie habla de oficios, maneras de amar, de habitar el mundo y de relacionarse, que pertenecen a otra \u00e9poca, que parece muy distante por los cambios fren\u00e9ticos que ha vivido la humanidad en los \u00faltimos cien a\u00f1os. Como se puede deducir, son piezas emotivas que, a trav\u00e9s de la memoria, reflejan la realidad latinoamericana de comienzos del siglo XX: c\u00f3mo era el mundo y la gente cuando el planeta parec\u00eda m\u00e1s grande e inabarcable.<\/p>\n<p>La muestra fotogr\u00e1fica surge de la serie documental El \u00daltimo Testigo, y es el resultado de la visi\u00f3n que tiene dos j\u00f3venes profesionales graduados en universidades cale\u00f1as, su director, Alejandro Montenegro, graduado de la PUJ, en convertirla en una multiplataforma que permita enriquecer la obra audiovisual complementada con la fotograf\u00eda y la experiencia multimedial.<\/p>\n<p>Bajo esa misma premisa \u00c1lvaro Ruales, comunicador social de la Universidad del Valle retrat\u00f3 a cada uno de los personajes y sus objetos entre su cotidianeidad y la grabaci\u00f3n de la serie. Piezas fotogr\u00e1ficas exhibidas que dan a conocer a cada uno de nuestros ilustres personajes, presentados desde una imagen que intenta manifestar un poco de su historia, y se expone en reconocimiento a sus logros a trav\u00e9s desde esta propuesta transmedia.<\/p>\n<p>Para vivir la experiencia dentro de la muestra fotogr\u00e1fica y conocer la historia de cada uno de los personajes, cada foto cuenta a su lado con un c\u00f3digo QR que debe ser escaneado desde un tel\u00e9fono inteligente, y lo remite de manera directa a ver la historia documental.<\/p>\n<p>Consideramos relevante hacer un reconocimiento al esfuerzo y la dedicaci\u00f3n de cada uno de los integrantes de la Agencia Buena Movida, donde naci\u00f3 y se desarroll\u00f3 esta idea de hacer producci\u00f3n audiovisual complementada a trav\u00e9s de multiplataforma medial.<br \/>\nSe invita a la comunidad universitaria y cale\u00f1a en general a participar de esta exposici\u00f3n, cuya entrada es libre.<\/p>\n<p>Informes: \u00c1rea Cultural &#8211; Divisi\u00f3n de Bibliotecas<br \/>\n3212974 &#8211; 3212955<\/p>\n","protected":false},"excerpt":{"rendered":"<p>La Exposici\u00f3n El \u00daltimo Testigo est\u00e1 compuesta por una serie de cortometrajes documentales que pone en escena historias que acontecieron hace d\u00e9cadas, de las que solo queda un \u00faltimo testigo. Esta exposici\u00f3n estar\u00e1 alojada en la Sala Mutis de la Biblioteca Mario Carvajal de la Universidad del Valle hasta el[&#8230;]<\/p>\n","protected":false},"author":1,"featured_media":21428,"comment_status":"open","ping_status":"open","sticky":false,"template":"","format":"standard","meta":{"footnotes":""},"categories":[4],"tags":[],"_links":{"self":[{"href":"https:\/\/emisora.univalle.edu.co\/index.php\/wp-json\/wp\/v2\/posts\/21427"}],"collection":[{"href":"https:\/\/emisora.univalle.edu.co\/index.php\/wp-json\/wp\/v2\/posts"}],"about":[{"href":"https:\/\/emisora.univalle.edu.co\/index.php\/wp-json\/wp\/v2\/types\/post"}],"author":[{"embeddable":true,"href":"https:\/\/emisora.univalle.edu.co\/index.php\/wp-json\/wp\/v2\/users\/1"}],"replies":[{"embeddable":true,"href":"https:\/\/emisora.univalle.edu.co\/index.php\/wp-json\/wp\/v2\/comments?post=21427"}],"version-history":[{"count":1,"href":"https:\/\/emisora.univalle.edu.co\/index.php\/wp-json\/wp\/v2\/posts\/21427\/revisions"}],"predecessor-version":[{"id":21429,"href":"https:\/\/emisora.univalle.edu.co\/index.php\/wp-json\/wp\/v2\/posts\/21427\/revisions\/21429"}],"wp:featuredmedia":[{"embeddable":true,"href":"https:\/\/emisora.univalle.edu.co\/index.php\/wp-json\/wp\/v2\/media\/21428"}],"wp:attachment":[{"href":"https:\/\/emisora.univalle.edu.co\/index.php\/wp-json\/wp\/v2\/media?parent=21427"}],"wp:term":[{"taxonomy":"category","embeddable":true,"href":"https:\/\/emisora.univalle.edu.co\/index.php\/wp-json\/wp\/v2\/categories?post=21427"},{"taxonomy":"post_tag","embeddable":true,"href":"https:\/\/emisora.univalle.edu.co\/index.php\/wp-json\/wp\/v2\/tags?post=21427"}],"curies":[{"name":"wp","href":"https:\/\/api.w.org\/{rel}","templated":true}]}}