{"id":21430,"date":"2020-02-12T10:09:02","date_gmt":"2020-02-12T15:09:02","guid":{"rendered":"https:\/\/emisora.univalle.edu.co\/?p=21430"},"modified":"2020-02-12T10:09:02","modified_gmt":"2020-02-12T15:09:02","slug":"anti-san-valentin-2020","status":"publish","type":"post","link":"https:\/\/emisora.univalle.edu.co\/index.php\/anti-san-valentin-2020\/","title":{"rendered":"Anti San Valent\u00edn 2020"},"content":{"rendered":"<p><span class=\"authorPost\">Agencia de Noticias Univalle<\/span><\/p>\n<div class=\"itemFullText\">\n<p>El \u00c1rea Cultural y el grupo de promoci\u00f3n lectora de la Divisi\u00f3n de Bibliotecas de la Universidad del Valle han programado la quinta edici\u00f3n del \u201cAnti San Valent\u00edn, expresiones del desamor\u201d, que se realizar\u00e1 del 11 al 14 de febrero.<\/p>\n<p>Este es un espacio l\u00fadico que convoca a los estudiantes, y en general a la comunidad universitaria a escribir sus pensamientos y expresiones sobre el desamor en un gran mural a la entrada de la Biblioteca Mario Carvajal de la sede Mel\u00e9ndez, acompa\u00f1ado de un componente pedag\u00f3gico que incluye una audici\u00f3n musical did\u00e1ctica, una exposici\u00f3n y una conferencia una conferencia sobre la tem\u00e1tica.<\/p>\n<p><strong>Programaci\u00f3n de actividades<\/strong><\/p>\n<p><strong>Exposici\u00f3n. Mural del Desamor<\/strong><br \/>\nDel 10 al 14 de febrero<br \/>\nEntrada de la Biblioteca Mario Carvajal<\/p>\n<p><strong>Exposici\u00f3n<\/strong><\/p>\n<p>Del 10 al 14 de febrero<br \/>\nBiblioteca Mario Carvajal, primer piso<\/p>\n<p><strong>Conferencia:<\/strong><br \/>\nLos primeros auxilios en el amor<br \/>\nA cargo de: Alexander Agudelo<br \/>\nDocente e investigador, Facultad de Salud<\/p>\n<p>Viernes 14 de febrero \/ 4:00 p.m. \/ auditorio \u00c1ngel Zapata<\/p>\n<p><strong>Audici\u00f3n musical did\u00e1ctica. Las baladas hechas salsa<\/strong><br \/>\nPor: Libardo C\u00f3rdoba, docente, soci\u00f3logo, mag\u00edster en Educaci\u00f3n<br \/>\nJulio C\u00e9sar Rubio, docente, magister en Educaci\u00f3n<\/p>\n<p>Jueves 20 de febrero \/ 4:00 p.m. \/ auditorio \u00c1ngel Zapata<\/p>\n<\/div>\n","protected":false},"excerpt":{"rendered":"<p>Agencia de Noticias Univalle El \u00c1rea Cultural y el grupo de promoci\u00f3n lectora de la Divisi\u00f3n de Bibliotecas de la Universidad del Valle han programado la quinta edici\u00f3n del \u201cAnti San Valent\u00edn, expresiones del desamor\u201d, que se realizar\u00e1 del 11 al 14 de febrero. Este es un espacio l\u00fadico que[&#8230;]<\/p>\n","protected":false},"author":1,"featured_media":21431,"comment_status":"open","ping_status":"open","sticky":false,"template":"","format":"standard","meta":{"footnotes":""},"categories":[4],"tags":[],"_links":{"self":[{"href":"https:\/\/emisora.univalle.edu.co\/index.php\/wp-json\/wp\/v2\/posts\/21430"}],"collection":[{"href":"https:\/\/emisora.univalle.edu.co\/index.php\/wp-json\/wp\/v2\/posts"}],"about":[{"href":"https:\/\/emisora.univalle.edu.co\/index.php\/wp-json\/wp\/v2\/types\/post"}],"author":[{"embeddable":true,"href":"https:\/\/emisora.univalle.edu.co\/index.php\/wp-json\/wp\/v2\/users\/1"}],"replies":[{"embeddable":true,"href":"https:\/\/emisora.univalle.edu.co\/index.php\/wp-json\/wp\/v2\/comments?post=21430"}],"version-history":[{"count":1,"href":"https:\/\/emisora.univalle.edu.co\/index.php\/wp-json\/wp\/v2\/posts\/21430\/revisions"}],"predecessor-version":[{"id":21432,"href":"https:\/\/emisora.univalle.edu.co\/index.php\/wp-json\/wp\/v2\/posts\/21430\/revisions\/21432"}],"wp:featuredmedia":[{"embeddable":true,"href":"https:\/\/emisora.univalle.edu.co\/index.php\/wp-json\/wp\/v2\/media\/21431"}],"wp:attachment":[{"href":"https:\/\/emisora.univalle.edu.co\/index.php\/wp-json\/wp\/v2\/media?parent=21430"}],"wp:term":[{"taxonomy":"category","embeddable":true,"href":"https:\/\/emisora.univalle.edu.co\/index.php\/wp-json\/wp\/v2\/categories?post=21430"},{"taxonomy":"post_tag","embeddable":true,"href":"https:\/\/emisora.univalle.edu.co\/index.php\/wp-json\/wp\/v2\/tags?post=21430"}],"curies":[{"name":"wp","href":"https:\/\/api.w.org\/{rel}","templated":true}]}}