{"id":21439,"date":"2020-02-18T09:54:33","date_gmt":"2020-02-18T14:54:33","guid":{"rendered":"https:\/\/emisora.univalle.edu.co\/?p=21439"},"modified":"2020-02-18T09:54:33","modified_gmt":"2020-02-18T14:54:33","slug":"viernes-de-letras-con-jotamario-arbelaez","status":"publish","type":"post","link":"https:\/\/emisora.univalle.edu.co\/index.php\/viernes-de-letras-con-jotamario-arbelaez\/","title":{"rendered":"Viernes de Letras con Jotamario Arbel\u00e1ez"},"content":{"rendered":"<p><span class=\"authorPost\">Agencia de Noticias Univalle<\/span><\/p>\n<div class=\"itemFullText\">\n<p>El poeta y periodista Jotamario Arbel\u00e1ez es el invitado para abrir este nuevo ciclo de Viernes de Letras, programa de la Escuela de Estudios Literarios de la Universidad del Valle.<\/p>\n<p>El conversatorio con este autor se realizar\u00e1 este viernes 21 de febrero, a las 6:00 p.m., en l Teatro Esquina Latina (Calle 4ta Oeste # 35-30, San Fernando). Coordinar\u00e1 la velada el profesor Juli\u00e1n Malatesta. Se tendr\u00e1 la participaci\u00f3n musical de la cantante cale\u00f1a Alel\u00ed Mesa.<\/p>\n<p>Jotamario Arbel\u00e1ez es poeta, periodista, publicista nacido en Cali, en 1940. Doctor Honoris Causa en Comunicaciones y Publicidad de la Universidad Santiago de Cali. Entre sus publicaciones se destacan los libros de poes\u00eda: \u201cEl profeta en su casa\u201d (1965), \u201cMi reino por este mundo\u201d (1981), \u201cLa casa de memoria\u201d (1995), \u201cEl cuerpo de ella\u201d (2000), \u201cPa\u00f1os menores\u201d (2006), \u201cCulito de rana\u201d (2010), \u201cAntolog\u00eda arbitraria\u201d (2012), \u201cLa muerte de Jotamario\u201d (2013), \u201cZona de tolerancia\u201d (2013), \u201cMi crucifixi\u00f3n rosada\u201d (2016); y el libro de memorias: \u201cNada es para siempre. Antimemorias de un nada\u00edsta\u201d (2002).<\/p>\n<p>Obtuvo, entre otros, el Premio Nacional de Poes\u00eda La Oveja Negra y Golpe de Dados (1980), el Premio Nacional de Poes\u00eda Colcultura (1995), el Premio Nacional de Poes\u00eda del Distrito (1999), el Premio Chino Valera Mora de la Fundaci\u00f3n R\u00f3mulo Gallegos de Caracas (2008), el Premio Internacional de Poes\u00eda D\u00e1maso Alonso de Espa\u00f1a a la Vida y Obra (2019) y la Orden del Congreso de Colombia en el grado de Comendador (1996). Actualmente es columnista de los diarios El Tiempo y El Pa\u00eds.<\/p>\n<p>La temporada 11 de Viernes de Letras se realiza con el apoyo del \u00c1rea Cultural de la Divisi\u00f3n de Bibliotecas y de la Rector\u00eda de la Universidad del Valle, del Teatro Esquina Latina y de la Red de Bibliotecas P\u00fablicas de Cali.<\/p>\n<\/div>\n","protected":false},"excerpt":{"rendered":"<p>Agencia de Noticias Univalle El poeta y periodista Jotamario Arbel\u00e1ez es el invitado para abrir este nuevo ciclo de Viernes de Letras, programa de la Escuela de Estudios Literarios de la Universidad del Valle. El conversatorio con este autor se realizar\u00e1 este viernes 21 de febrero, a las 6:00 p.m.,[&#8230;]<\/p>\n","protected":false},"author":1,"featured_media":21440,"comment_status":"open","ping_status":"open","sticky":false,"template":"","format":"standard","meta":{"footnotes":""},"categories":[4],"tags":[],"_links":{"self":[{"href":"https:\/\/emisora.univalle.edu.co\/index.php\/wp-json\/wp\/v2\/posts\/21439"}],"collection":[{"href":"https:\/\/emisora.univalle.edu.co\/index.php\/wp-json\/wp\/v2\/posts"}],"about":[{"href":"https:\/\/emisora.univalle.edu.co\/index.php\/wp-json\/wp\/v2\/types\/post"}],"author":[{"embeddable":true,"href":"https:\/\/emisora.univalle.edu.co\/index.php\/wp-json\/wp\/v2\/users\/1"}],"replies":[{"embeddable":true,"href":"https:\/\/emisora.univalle.edu.co\/index.php\/wp-json\/wp\/v2\/comments?post=21439"}],"version-history":[{"count":1,"href":"https:\/\/emisora.univalle.edu.co\/index.php\/wp-json\/wp\/v2\/posts\/21439\/revisions"}],"predecessor-version":[{"id":21441,"href":"https:\/\/emisora.univalle.edu.co\/index.php\/wp-json\/wp\/v2\/posts\/21439\/revisions\/21441"}],"wp:featuredmedia":[{"embeddable":true,"href":"https:\/\/emisora.univalle.edu.co\/index.php\/wp-json\/wp\/v2\/media\/21440"}],"wp:attachment":[{"href":"https:\/\/emisora.univalle.edu.co\/index.php\/wp-json\/wp\/v2\/media?parent=21439"}],"wp:term":[{"taxonomy":"category","embeddable":true,"href":"https:\/\/emisora.univalle.edu.co\/index.php\/wp-json\/wp\/v2\/categories?post=21439"},{"taxonomy":"post_tag","embeddable":true,"href":"https:\/\/emisora.univalle.edu.co\/index.php\/wp-json\/wp\/v2\/tags?post=21439"}],"curies":[{"name":"wp","href":"https:\/\/api.w.org\/{rel}","templated":true}]}}