{"id":21449,"date":"2020-02-21T10:57:13","date_gmt":"2020-02-21T15:57:13","guid":{"rendered":"https:\/\/emisora.univalle.edu.co\/?p=21449"},"modified":"2020-02-21T10:57:13","modified_gmt":"2020-02-21T15:57:13","slug":"talleres-de-agrupacion-nominada-a-los-latin-grammy-en-univalle","status":"publish","type":"post","link":"https:\/\/emisora.univalle.edu.co\/index.php\/talleres-de-agrupacion-nominada-a-los-latin-grammy-en-univalle\/","title":{"rendered":"Talleres de agrupaci\u00f3n nominada a los Latin Grammy, en Univalle"},"content":{"rendered":"<p><span class=\"authorPost\">Agencia de Noticias Univalle<\/span><\/p>\n<div class=\"itemFullText\">\n<p>La agrupaci\u00f3n Carrera Quinta,\u00a0nominada en la 17a versi\u00f3n de los Grammy Latinos, ofrecer\u00e1 en la Escuela de M\u00fasica de la Univeridad del Valle tres talleres y un concierto abierto al p\u00fablico los d\u00edas 26 y 27 de febrero. Estas actividades son realizadas gracias a las Becas de circulaci\u00f3n nacional de solistas y agrupaciones musicales e investigadores musicales del Ministerio de Cultura.<\/p>\n<p>En 2016, Carrera Quinta estuvo nominada en la 17a versi\u00f3n de los Grammy Latinos en la categor\u00eda Mejor \u00e1lbum de latin jazz. Adicionalmente, estuvieron nominados en la categor\u00eda de jazz instrumental, en los Independent Music Awards.<\/p>\n<p>El fundador de Carrera Quinta Javier Perez Sandoval, compositor y guitarrista, est\u00e1 a cargo de la direcci\u00f3n de la Maestr\u00eda en M\u00fasicas Colombianas de la Universidad del Bosque.<\/p>\n<p><em><strong>Los talleres ser\u00e1n abiertos.<\/strong><\/em><\/p>\n<p><strong>El proceso de adaptaci\u00f3n del pasillo y el Bambuco instrumental en un ensamble de jazz<\/strong><\/p>\n<p>Mi\u00e9rcoles 26<\/p>\n<p>8:00 a.m.<\/p>\n<p><strong>T\u00e9cnicas de rearmonizaci\u00f3n. Expansi\u00f3n de las posibilidades en la armon\u00eda tonal.\u00a0<em>se necesita Piano o clavinova<\/em><\/strong><\/p>\n<p>10:00 a.m.<\/p>\n<p><strong>Concierto Carrera Quinta<\/strong><\/p>\n<p>5:00 p.m.<\/p>\n<p><strong>Jueves 27<\/strong><\/p>\n<p><strong>Arreglos basados en repertorios tradicionales para ensamble de jazz<\/strong><\/p>\n<p>9:00 a.m.<\/p>\n<\/div>\n","protected":false},"excerpt":{"rendered":"<p>Agencia de Noticias Univalle La agrupaci\u00f3n Carrera Quinta,\u00a0nominada en la 17a versi\u00f3n de los Grammy Latinos, ofrecer\u00e1 en la Escuela de M\u00fasica de la Univeridad del Valle tres talleres y un concierto abierto al p\u00fablico los d\u00edas 26 y 27 de febrero. Estas actividades son realizadas gracias a las Becas[&#8230;]<\/p>\n","protected":false},"author":1,"featured_media":21450,"comment_status":"open","ping_status":"open","sticky":false,"template":"","format":"standard","meta":{"footnotes":""},"categories":[4],"tags":[],"_links":{"self":[{"href":"https:\/\/emisora.univalle.edu.co\/index.php\/wp-json\/wp\/v2\/posts\/21449"}],"collection":[{"href":"https:\/\/emisora.univalle.edu.co\/index.php\/wp-json\/wp\/v2\/posts"}],"about":[{"href":"https:\/\/emisora.univalle.edu.co\/index.php\/wp-json\/wp\/v2\/types\/post"}],"author":[{"embeddable":true,"href":"https:\/\/emisora.univalle.edu.co\/index.php\/wp-json\/wp\/v2\/users\/1"}],"replies":[{"embeddable":true,"href":"https:\/\/emisora.univalle.edu.co\/index.php\/wp-json\/wp\/v2\/comments?post=21449"}],"version-history":[{"count":1,"href":"https:\/\/emisora.univalle.edu.co\/index.php\/wp-json\/wp\/v2\/posts\/21449\/revisions"}],"predecessor-version":[{"id":21451,"href":"https:\/\/emisora.univalle.edu.co\/index.php\/wp-json\/wp\/v2\/posts\/21449\/revisions\/21451"}],"wp:featuredmedia":[{"embeddable":true,"href":"https:\/\/emisora.univalle.edu.co\/index.php\/wp-json\/wp\/v2\/media\/21450"}],"wp:attachment":[{"href":"https:\/\/emisora.univalle.edu.co\/index.php\/wp-json\/wp\/v2\/media?parent=21449"}],"wp:term":[{"taxonomy":"category","embeddable":true,"href":"https:\/\/emisora.univalle.edu.co\/index.php\/wp-json\/wp\/v2\/categories?post=21449"},{"taxonomy":"post_tag","embeddable":true,"href":"https:\/\/emisora.univalle.edu.co\/index.php\/wp-json\/wp\/v2\/tags?post=21449"}],"curies":[{"name":"wp","href":"https:\/\/api.w.org\/{rel}","templated":true}]}}