{"id":21455,"date":"2020-02-24T12:55:51","date_gmt":"2020-02-24T17:55:51","guid":{"rendered":"https:\/\/emisora.univalle.edu.co\/?p=21455"},"modified":"2020-02-24T12:55:51","modified_gmt":"2020-02-24T17:55:51","slug":"primera-maestria-en-buga","status":"publish","type":"post","link":"https:\/\/emisora.univalle.edu.co\/index.php\/primera-maestria-en-buga\/","title":{"rendered":"Primera maestr\u00eda en Buga"},"content":{"rendered":"<p><span class=\"authorPost\">Agencia de Noticias Univalle<\/span><\/p>\n<div class=\"itemFullText\">\n<p>La Universidad del Valle abrir\u00e1 la primera maestr\u00eda en la Sede Buga. Se trata de la Maestr\u00eda en Filosof\u00eda de la Facultad de Humanidades. El evento de apertura se realizar\u00e1 el jueves 27 de febrero a las 5:00 pm en el auditorio Paraninfo, en el edificio principal de la Sede Buga. All\u00ed se dar\u00e1 informaci\u00f3n acerca del programa a la poblaci\u00f3n interesada. Este programa de posgrado, que es la primera maestr\u00eda presencial existente en el municipio, surge como una ampliaci\u00f3n de la Maestr\u00eda en Filosof\u00eda que se ofrece en la Sede Cali desde hace 30 a\u00f1os.<\/p>\n<p>El director de la sede Buga, profesor Rub\u00e9n Dar\u00edo Echeverry, explica que \u201cla Maestr\u00eda en Filosof\u00eda en Buga cumple con dos prop\u00f3sitos fundamentales: por una parte, la creaci\u00f3n de esta primera maestr\u00eda en el municipio expande el \u00e1rea de influencia del Sistema de Regionalizaci\u00f3n al acercar los posgrados de la Universidad del Valle a nuevos sectores. Adem\u00e1s, apunta a resolver una sentida necesidad de complemento formativo, sobre todo para los docentes tanto universitarios como de secundaria del sector que, teniendo esa oferta de maestr\u00eda, mejorar\u00e1n notablemente la calidad y el nivel de ense\u00f1anza de sus instituciones\u201d.<\/p>\n<p>De acuerdo con el Coordinador de Investigaciones del Departamento de Filosof\u00eda, el profesor V\u00edctor Hugo V\u00e1squez G\u00f3mez, la iniciativa de ofertar la maestr\u00eda en la sede surgi\u00f3 en el 2018, debido la alta aceptaci\u00f3n de trabajadores de instituciones p\u00fablicas y privadas en un sondeo de opini\u00f3n acerca de la apertura de una maestr\u00eda, donde el inter\u00e9s por la l\u00ednea de filosof\u00eda y educaci\u00f3n fue mayoritario.<\/p>\n<p>A ra\u00edz del inter\u00e9s manifestado y del trabajo conjunto de la Direcci\u00f3n de la Sede con el Departamento de Filosof\u00eda, se envi\u00f3 el documento de propuesta al Ministerio de Educaci\u00f3n Nacional, que otorg\u00f3 el registro calificado, requisito necesario para ofertar programas acad\u00e9micos de educaci\u00f3n superior en Colombia, el pasado 15 de diciembre.<\/p>\n<p>La Maestr\u00eda en Filosof\u00eda est\u00e1 dirigida tanto a licenciados como a profesionales de la filosof\u00eda y otras \u00e1reas del conocimiento (humanidades, ciencias o artes) que tengan afinidad con la investigaci\u00f3n filos\u00f3fica. Este Programa Acad\u00e9mico tiene como objetivo consolidar la formaci\u00f3n en filosof\u00eda y ofrecer los recursos anal\u00edticos y conceptuales necesarios para el trabajo investigativo interdisciplinario y transdisciplinario en las diferentes \u00e1reas del saber filos\u00f3fico.<\/p>\n<p>Los egresados de este Programa podr\u00e1n realizar proyectos de investigaci\u00f3n; reflexionar, analizar y planear intervenciones filos\u00f3ficas aplicadas para brindar soluciones viables a problemas espec\u00edficos; liderar y gestionar proyectos de divulgaci\u00f3n cient\u00edfica ligados a la disciplina filos\u00f3fica; participar en la elaboraci\u00f3n de pol\u00edticas institucionales y asesorar organismos gubernamentales de acuerdo con sus \u00e1reas de competencia e impartir docencia en filosof\u00eda.<\/p>\n<p>Para la realizaci\u00f3n de los proyectos, los aspirantes podr\u00e1n inscribir su trabajo dentro de doce grupos de tem\u00e1ticas manejados por los siete grupos de investigaci\u00f3n del Departamento de Filosof\u00eda, todos avalados por Colciencias; lo que permite a profesionales de diferentes \u00e1reas abordar problem\u00e1ticas pr\u00f3ximas a sus campos de acci\u00f3n.<\/p>\n<p>Como explic\u00f3 el profesor V\u00edctor V\u00e1squez, \u201cen un programa acad\u00e9mico como \u00e9ste se pueden encontrar m\u00e9dicos, ingenieros, arquitectos y profesionales de muchas disciplinas que quieren ampliar su comprensi\u00f3n sobre problemas sociales, biol\u00f3gicos, culturales. Adem\u00e1s, en la Sede Buga hay programas como Licenciatura en M\u00fasica, Licenciatura en Literatura, Psicolog\u00eda, adem\u00e1s de las muchas profesiones que son afines con la filosof\u00eda\u201d.<\/p>\n<p>Adicionalmente, los nuevos estudiantes de maestr\u00eda podr\u00e1n aspirar a realizar un a\u00f1o de estudios en Francia para obtener doble titulaci\u00f3n a trav\u00e9s del convenio entre el Departamento de Filosof\u00eda de la Universidad del Valle y las universidades francesas de Paris 8, Saint-Denis y Poitiers.<\/p>\n<p>Para consultar m\u00e1s informaci\u00f3n acerca del programa acad\u00e9mico ingrese a\u00a0<a href=\"http:\/\/bit.ly\/2wqSHez\">http:\/\/bit.ly\/2wqSHez<\/a><\/p>\n<p><img decoding=\"async\" src=\"https:\/\/www.univalle.edu.co\/images\/AFICHE--INVITACION-PRESENTACION-SEDE-BUGA-2020.jpg\" alt=\"\" width=\"99%\" height=\"99%\" \/><\/p>\n<\/div>\n","protected":false},"excerpt":{"rendered":"<p>Agencia de Noticias Univalle La Universidad del Valle abrir\u00e1 la primera maestr\u00eda en la Sede Buga. Se trata de la Maestr\u00eda en Filosof\u00eda de la Facultad de Humanidades. El evento de apertura se realizar\u00e1 el jueves 27 de febrero a las 5:00 pm en el auditorio Paraninfo, en el edificio[&#8230;]<\/p>\n","protected":false},"author":1,"featured_media":21456,"comment_status":"open","ping_status":"open","sticky":false,"template":"","format":"standard","meta":{"footnotes":""},"categories":[4],"tags":[],"_links":{"self":[{"href":"https:\/\/emisora.univalle.edu.co\/index.php\/wp-json\/wp\/v2\/posts\/21455"}],"collection":[{"href":"https:\/\/emisora.univalle.edu.co\/index.php\/wp-json\/wp\/v2\/posts"}],"about":[{"href":"https:\/\/emisora.univalle.edu.co\/index.php\/wp-json\/wp\/v2\/types\/post"}],"author":[{"embeddable":true,"href":"https:\/\/emisora.univalle.edu.co\/index.php\/wp-json\/wp\/v2\/users\/1"}],"replies":[{"embeddable":true,"href":"https:\/\/emisora.univalle.edu.co\/index.php\/wp-json\/wp\/v2\/comments?post=21455"}],"version-history":[{"count":1,"href":"https:\/\/emisora.univalle.edu.co\/index.php\/wp-json\/wp\/v2\/posts\/21455\/revisions"}],"predecessor-version":[{"id":21457,"href":"https:\/\/emisora.univalle.edu.co\/index.php\/wp-json\/wp\/v2\/posts\/21455\/revisions\/21457"}],"wp:featuredmedia":[{"embeddable":true,"href":"https:\/\/emisora.univalle.edu.co\/index.php\/wp-json\/wp\/v2\/media\/21456"}],"wp:attachment":[{"href":"https:\/\/emisora.univalle.edu.co\/index.php\/wp-json\/wp\/v2\/media?parent=21455"}],"wp:term":[{"taxonomy":"category","embeddable":true,"href":"https:\/\/emisora.univalle.edu.co\/index.php\/wp-json\/wp\/v2\/categories?post=21455"},{"taxonomy":"post_tag","embeddable":true,"href":"https:\/\/emisora.univalle.edu.co\/index.php\/wp-json\/wp\/v2\/tags?post=21455"}],"curies":[{"name":"wp","href":"https:\/\/api.w.org\/{rel}","templated":true}]}}