{"id":21477,"date":"2020-03-09T16:54:57","date_gmt":"2020-03-09T21:54:57","guid":{"rendered":"https:\/\/emisora.univalle.edu.co\/?p=21477"},"modified":"2020-03-09T16:54:57","modified_gmt":"2020-03-09T21:54:57","slug":"univalle-tendra-400-nuevos-cupos-en-cartago","status":"publish","type":"post","link":"https:\/\/emisora.univalle.edu.co\/index.php\/univalle-tendra-400-nuevos-cupos-en-cartago\/","title":{"rendered":"Univalle tendr\u00e1 400 nuevos cupos en Cartago"},"content":{"rendered":"<p><span class=\"authorPost\">Agencia de Noticias Univalle<\/span><\/p>\n<div class=\"itemFullText\">\n<p>El rector de la Universidad del Valle Edgar Varela Barrios anunci\u00f3 la creaci\u00f3n de cerca de 400 cupos nuevos para la sede Cartago en el periodo 2020-2023. \u00abLa universidad tiene en Cartago cerca de 800 cupos y la idea es acercarnos a los 1200. Esta sede regional es una de las que m\u00e1s posibilidades de crecimiento tiene y vamos a apostar porque ese crecimiento se d\u00e9\u00bb. Esta noticia se conoci\u00f3 en medio de la reuni\u00f3n que sostuvieron el profesor Varela, el alcalde de Cartago, V\u00edctor Alfonso \u00c1lvarez Mej\u00eda y la junta directiva del Concejo Municipal para evaluar los procesos realizados entre ambas entidades hasta el momento y concertar proyectos conjuntos que redunden en el beneficio de ambas instituciones.<\/p>\n<p>El rector anunci\u00f3 la posibilidad de cooperaci\u00f3n en proyectos para el crecimiento de la instituci\u00f3n como la construcci\u00f3n de laboratorios, lo que permitir\u00eda la apertura de los programas acad\u00e9micos de fonoaudiolog\u00eda y terapia ocupacional, que ser\u00edan los primeros programas acad\u00e9micos de salud en el Sistema de Regionalizaci\u00f3n de la universidad. Adem\u00e1s, se plante\u00f3 la consolidaci\u00f3n de un gran laboratorio de electr\u00f3nica que dar\u00eda pie a la profesionalizaci\u00f3n del Programa Acad\u00e9mico de Ingenier\u00eda Electr\u00f3nica, que hasta el momento existe como tecnolog\u00eda.<\/p>\n<p>El director de la Sede Cartago, profesor Fernando Echeverry, anunci\u00f3 un preacuerdo con la Cl\u00ednica Los Rosales de Pereira para la realizaci\u00f3n de pr\u00e1cticas profesionales de los futuros estudiantes de las ciencias de la salud, dado que en Cartago no hay un hospital de alta complejidad que cumpla con los requisitos que exige el Ministerio de Salud para la apertura de estos programas acad\u00e9micos.<\/p>\n<p>El alcalde cartag\u00fce\u00f1o celebr\u00f3 los anuncios y expres\u00f3 su voluntad pol\u00edtica para aunar esfuerzos en la consecuci\u00f3n de los recursos para la construcci\u00f3n de infraestructura que apoye el crecimiento de la Universidad y de la oferta acad\u00e9mica disponible en el municipio.<\/p>\n<p>Sumado a los tres programas acad\u00e9micos mencionados, el director de la sede Cartago anunci\u00f3 la creaci\u00f3n de una carrera profesional en Desarrollo Agroindustrial, con el que se ratifican los esfuerzos de Univalle no s\u00f3lo en aumentar la oferta acad\u00e9mica sino en hacerla pertinente para el desarrollo regional: \u00abPara los pr\u00f3ximos a\u00f1os esperamos que pr\u00e1cticamente se duplique la cantidad de carreras que tenemos en nuestra sede. Eso a su vez ayudar\u00e1 a aumentar los cupos que tenemos. Sobre todo, esperamos tener programas que nos permitan tener la universidad en clases con programas diurnos y nocturnos. No podemos desaprovechar la oportunidad de acercar la instituci\u00f3n educativa a quienes tienen el tiempo de d\u00eda y dejar que la universidad se llene s\u00f3lo en las noches\u00bb, concluy\u00f3 el director.<\/p>\n<p>Frente al fortalecimiento de los posgrados en las sedes regionales, el rector enfatiz\u00f3: \u00abSe lleva m\u00e1s de treinta a\u00f1os con la mayor\u00eda de las sedes. Tenemos altas capacidades para ofrecer carreras de posgrado. tenemos m\u00e1s capacidades de tener estas ofertas lideradas por profesores de cada una de las sedes. Univalle est\u00e1 trabajando actualmente para poder combinar la virtualidad de los posgrados. La idea es ofrecer programas de pregrado virtuales y que en el posgrado haya una modalidad combinada\u00bb.<\/p>\n<p>Por otra parte, el profesor Varela enfatiz\u00f3 en la necesidad de reforzar el bienestar universitario y aumentar el acceso a programas de promoci\u00f3n socioecon\u00f3mica: \u00abEs importante a su vez que los estudiantes que ingresen tengan ayudas, porque los estudiantes de la Universidad del Valle, en general, son de estratos 1, 2 y 3. Y es necesario beneficiar la educaci\u00f3n para esta poblaci\u00f3n. Desde Cartago se ha hecho una labor interesante y ya tienen 300 estudiantes beneficiarios del programa J\u00f3venes en Acci\u00f3n\u00bb. Expres\u00f3 adem\u00e1s la voluntad de trabajar desde la universidad en capacitaciones para aumentar el n\u00famero de beneficiarios del programa a cargo del Departamento de la Prosperidad Social.<\/p>\n<p>Adicionalmente, expuso el proyecto de creaci\u00f3n de seccionales en el sistema de Regionalizaci\u00f3n con el fin de lograr el reconocimiento de las sedes ante el Ministerio de Educaci\u00f3n y habilitar las sedes regionales para la obtenci\u00f3n de recursos propios de manera permanente. \u00abLa creaci\u00f3n de estas seccionales permitir\u00e1 la descentralizaci\u00f3n de muchos procesos que se manejan desde Cali, porque los dineros siempre llegan a la tesorer\u00eda. Cuando este cambio se genere, cada sede podr\u00e1 realizar nuevas gestiones\u00bb.<\/p>\n<p>El alcalde asume el compromiso de trabajar para que la Universidad del Valle sea la ejecutora del Plan Especial de Manejo y Protecci\u00f3n de Cartago, \u00abla voluntad m\u00eda con la Univalle es inmensa. Ha existido una deuda entre la Universidad y la alcald\u00eda y, ahora, la idea es hacer un trabajo. Es importante el trabajo entre la Universidad del Valle y Cartago para modernizar el municipio\u00bb enfatiz\u00f3 el alcalde \u00c1lvarez. El Plan Especial de Manejo y Protecci\u00f3n -PEMP- es el instrumento de planeaci\u00f3n y gesti\u00f3n del Patrimonio Cultural de la Naci\u00f3n, mediante el cual se establecen las acciones necesarias para garantizar la protecci\u00f3n, conservaci\u00f3n y sostenibilidad de los Bienes de Inter\u00e9s Cultural.<\/p>\n<p>En cuanto a los procesos de modernizaci\u00f3n de los espacios p\u00fablicos, el alcalde expuso su proyecto de convertir los espacios de Cartago en territorios inteligentes. \u00abEn este frente nuestro municipio ha tenido un gran avance. Actualmente nuestro sistema de semaforizaci\u00f3n funciona con energ\u00eda solar y con la energ\u00eda que captamos nos alcanza para tener puntos wifi funcionando. Sin embargo, queremos seguir avanzando con el talento que tienen en Univalle en esos temas\u00bb, enfatiz\u00f3.<\/p>\n<p>El rector Edgar Varela Barrios respondi\u00f3 de manera afirmativa a esta propuesta dada la alta capacidad y experiencia con la que cuenta la Universidad del Valle en el trabajo de implementaci\u00f3n de &#8216;smart cities&#8217;.<\/p>\n<p>La junta directiva del Concejo Municipal expres\u00f3 el empe\u00f1o del Municipio en establecer en uno de sus colegios p\u00fablicos una Normal Superior y manifest\u00f3 su deseo de que sea la Universidad del Valle quien acompa\u00f1e la realizaci\u00f3n de este proyecto a trav\u00e9s del Instituto de Educaci\u00f3n y Pedagog\u00eda, que tiene una amplia experiencia en temas de ense\u00f1anza con sus programas acad\u00e9micos de licenciatura.<\/p>\n<p>Para finalizar, el profesor Varela agradeci\u00f3 la voluntad pol\u00edtica para cooperar en los puntos desarrollados en la reuni\u00f3n as\u00ed como asuntos de cofinanciaci\u00f3n y de presentaci\u00f3n de proyectos conjuntos a entes financiadores como el Sistema Nacional de Regal\u00edas, la Gobernaci\u00f3n del Valle e incluso varios ministerios.<\/p>\n<\/div>\n","protected":false},"excerpt":{"rendered":"<p>Agencia de Noticias Univalle El rector de la Universidad del Valle Edgar Varela Barrios anunci\u00f3 la creaci\u00f3n de cerca de 400 cupos nuevos para la sede Cartago en el periodo 2020-2023. \u00abLa universidad tiene en Cartago cerca de 800 cupos y la idea es acercarnos a los 1200. Esta sede[&#8230;]<\/p>\n","protected":false},"author":1,"featured_media":21478,"comment_status":"open","ping_status":"open","sticky":false,"template":"","format":"standard","meta":{"footnotes":""},"categories":[4],"tags":[],"_links":{"self":[{"href":"https:\/\/emisora.univalle.edu.co\/index.php\/wp-json\/wp\/v2\/posts\/21477"}],"collection":[{"href":"https:\/\/emisora.univalle.edu.co\/index.php\/wp-json\/wp\/v2\/posts"}],"about":[{"href":"https:\/\/emisora.univalle.edu.co\/index.php\/wp-json\/wp\/v2\/types\/post"}],"author":[{"embeddable":true,"href":"https:\/\/emisora.univalle.edu.co\/index.php\/wp-json\/wp\/v2\/users\/1"}],"replies":[{"embeddable":true,"href":"https:\/\/emisora.univalle.edu.co\/index.php\/wp-json\/wp\/v2\/comments?post=21477"}],"version-history":[{"count":1,"href":"https:\/\/emisora.univalle.edu.co\/index.php\/wp-json\/wp\/v2\/posts\/21477\/revisions"}],"predecessor-version":[{"id":21479,"href":"https:\/\/emisora.univalle.edu.co\/index.php\/wp-json\/wp\/v2\/posts\/21477\/revisions\/21479"}],"wp:featuredmedia":[{"embeddable":true,"href":"https:\/\/emisora.univalle.edu.co\/index.php\/wp-json\/wp\/v2\/media\/21478"}],"wp:attachment":[{"href":"https:\/\/emisora.univalle.edu.co\/index.php\/wp-json\/wp\/v2\/media?parent=21477"}],"wp:term":[{"taxonomy":"category","embeddable":true,"href":"https:\/\/emisora.univalle.edu.co\/index.php\/wp-json\/wp\/v2\/categories?post=21477"},{"taxonomy":"post_tag","embeddable":true,"href":"https:\/\/emisora.univalle.edu.co\/index.php\/wp-json\/wp\/v2\/tags?post=21477"}],"curies":[{"name":"wp","href":"https:\/\/api.w.org\/{rel}","templated":true}]}}