{"id":21481,"date":"2020-03-11T10:58:40","date_gmt":"2020-03-11T15:58:40","guid":{"rendered":"https:\/\/emisora.univalle.edu.co\/?p=21481"},"modified":"2020-03-11T10:58:40","modified_gmt":"2020-03-11T15:58:40","slug":"univalle-establece-medidas-preventivas-frente-al-coronavirus-covid-19","status":"publish","type":"post","link":"https:\/\/emisora.univalle.edu.co\/index.php\/univalle-establece-medidas-preventivas-frente-al-coronavirus-covid-19\/","title":{"rendered":"Univalle establece medidas preventivas frente al Coronavirus (Covid 19)"},"content":{"rendered":"<p><span class=\"authorPost\">Agencia de Noticias Univalle<\/span><\/p>\n<div class=\"itemFullText\">\n<p><b>COMUNICADO DE LA RECTOR\u00cdA<\/b><\/p>\n<p><b>MEDIDAS DE CAR\u00c1CTER PREVENTIVO FRENTE AL CORONAVIRUS (COVID 19)<\/b><\/p>\n<p>Buscando preservar la salud y el bienestar de la comunidad universitaria, la Rector\u00eda de la Universidad del Valle se permite informar que, en concordancia con las orientaciones de car\u00e1cter preventivo frente al Coronavirus (Covid 19) por parte del Gobierno Nacional a trav\u00e9s del Departamento Administrativo de la Funci\u00f3n P\u00fablica, as\u00ed como de los Ministerios de Salud y Educaci\u00f3n, que aplican para todas las entidades del Estado, hemos tomado las siguientes decisiones y medidas concertadas con el Servicio de Salud de la Universidad y el \u00c1rea de Salud Ocupacional.<\/p>\n<ol>\n<li>Se suspenden, a partir de hoy 11 de marzo de 2020 y hasta el s\u00e1bado 30 de abril, todos los viajes internacionales tanto de ida como de ingreso, por el riesgo que implican para la comunidad universitaria.<\/li>\n<li>Se implementar\u00e1n esquemas de teletrabajo cuando se identifiquen casos de personas que puedan estar contagiadas de alg\u00fan tipo de gripa o que presenten fiebre y tos seca, para que puedan aislarse o auto recluirse reportando a los respectivos servicios de salud a los que se encuentren afiliados y sin que sea necesario que las personas afectadas hagan presencia f\u00edsica en el Servicio de Salud de nuestra universidad.<\/li>\n<li>Hasta el 30 de abril se suspenden todas las actividades, diferentes a las clases de pregrado y de posgrado, que impliquen aglomeraciones masivas en las sedes universitarias de los once campus, incluyendo eventos de car\u00e1cter acad\u00e9mico, cultural, deportivo, celebraciones y conmemoraciones. Estas actividades ser\u00e1n suspendidas as\u00ed se hayan otorgado previamente los permisos respectivos.<\/li>\n<li>En virtud de que estamos en el proceso de recuperar la normalidad acad\u00e9mica, las clases no se suspender\u00e1n, salvo que circunstancias extremas de riesgo lo ameriten, evento en el cual se comunicar\u00e1 oportunamente.<\/li>\n<\/ol>\n<p>En todo caso, deber\u00e1n seguirse los protocolos en relaci\u00f3n con mantener la distancia prudente entre profesores, estudiantes y empleados; no saludarse de mano para evitar la contaminaci\u00f3n, no sentarse en el suelo y hacer lavado constante de manos para lo cual se dotar\u00e1n los ba\u00f1os con los elementos necesarios para garantizar la prevenci\u00f3n.<\/p>\n<p>La Direcci\u00f3n Universitaria estar\u00e1 informando oportunamente a la comunidad universitaria acerca de nuevas medidas que se tomen sobre este particular, a trav\u00e9s de los medios de informaci\u00f3n y comunicaci\u00f3n institucionales, teniendo en cuenta que la evoluci\u00f3n de esta emergencia de salud p\u00fablica es altamente din\u00e1mica.<\/p>\n<\/div>\n","protected":false},"excerpt":{"rendered":"<p>Agencia de Noticias Univalle COMUNICADO DE LA RECTOR\u00cdA MEDIDAS DE CAR\u00c1CTER PREVENTIVO FRENTE AL CORONAVIRUS (COVID 19) Buscando preservar la salud y el bienestar de la comunidad universitaria, la Rector\u00eda de la Universidad del Valle se permite informar que, en concordancia con las orientaciones de car\u00e1cter preventivo frente al Coronavirus[&#8230;]<\/p>\n","protected":false},"author":1,"featured_media":21482,"comment_status":"open","ping_status":"open","sticky":false,"template":"","format":"standard","meta":{"footnotes":""},"categories":[4],"tags":[],"_links":{"self":[{"href":"https:\/\/emisora.univalle.edu.co\/index.php\/wp-json\/wp\/v2\/posts\/21481"}],"collection":[{"href":"https:\/\/emisora.univalle.edu.co\/index.php\/wp-json\/wp\/v2\/posts"}],"about":[{"href":"https:\/\/emisora.univalle.edu.co\/index.php\/wp-json\/wp\/v2\/types\/post"}],"author":[{"embeddable":true,"href":"https:\/\/emisora.univalle.edu.co\/index.php\/wp-json\/wp\/v2\/users\/1"}],"replies":[{"embeddable":true,"href":"https:\/\/emisora.univalle.edu.co\/index.php\/wp-json\/wp\/v2\/comments?post=21481"}],"version-history":[{"count":1,"href":"https:\/\/emisora.univalle.edu.co\/index.php\/wp-json\/wp\/v2\/posts\/21481\/revisions"}],"predecessor-version":[{"id":21483,"href":"https:\/\/emisora.univalle.edu.co\/index.php\/wp-json\/wp\/v2\/posts\/21481\/revisions\/21483"}],"wp:featuredmedia":[{"embeddable":true,"href":"https:\/\/emisora.univalle.edu.co\/index.php\/wp-json\/wp\/v2\/media\/21482"}],"wp:attachment":[{"href":"https:\/\/emisora.univalle.edu.co\/index.php\/wp-json\/wp\/v2\/media?parent=21481"}],"wp:term":[{"taxonomy":"category","embeddable":true,"href":"https:\/\/emisora.univalle.edu.co\/index.php\/wp-json\/wp\/v2\/categories?post=21481"},{"taxonomy":"post_tag","embeddable":true,"href":"https:\/\/emisora.univalle.edu.co\/index.php\/wp-json\/wp\/v2\/tags?post=21481"}],"curies":[{"name":"wp","href":"https:\/\/api.w.org\/{rel}","templated":true}]}}