{"id":21484,"date":"2020-03-11T11:01:48","date_gmt":"2020-03-11T16:01:48","guid":{"rendered":"https:\/\/emisora.univalle.edu.co\/?p=21484"},"modified":"2020-03-11T11:01:48","modified_gmt":"2020-03-11T16:01:48","slug":"viernes-de-letras-con-alfonso-rubio","status":"publish","type":"post","link":"https:\/\/emisora.univalle.edu.co\/index.php\/viernes-de-letras-con-alfonso-rubio\/","title":{"rendered":"Viernes de Letras con Alfonso Rubio"},"content":{"rendered":"<p><span class=\"authorPost\">Agencia de Noticias Univalle<\/span><\/p>\n<div class=\"itemFullText\">\n<p>La Escuela de Estudios Literarios, con el apoyo del \u00c1rea Cultural Divisi\u00f3n de Bibliotecas y de la Rector\u00eda de la Universidad del Valle; el Teatro Esquina Latina y la Biblioteca P\u00fablica del Centenario, invita a su ciclo de conferencias y conversatorios de Viernes de Letras, el pr\u00f3ximo 13 de marzo de 2020, con el profesor y escritor Alfonso Rubio.<\/p>\n<p>El conversatorio tendr\u00e1 lugar en el Auditorio \u00c1ngel Zapata de la Universidad del Valle, sede Mel\u00e9ndez, a las 6:00 p.m.<\/p>\n<p>Coordinan esta entrega de Viernes de Letras Juan Moreno Blanco y Carlos Pati\u00f1o Mill\u00e1n. Presenta al invitado el estudiante de historia Francisco Casta\u00f1o.<\/p>\n<p>Alfonso Rubio es escritor y profesor nacido en Arnedo, Espa\u00f1a. Doctor en Sistemas de Informaci\u00f3n y Documentaci\u00f3n por la Universidad de Zaragoza. Entre sus publicaciones destacan los libros de poes\u00eda: \u201cCoraz\u00f3n cargado\u201d (1994), \u201cLiebres\u201d (2003), \u201cLesiones\u201d (2005), \u201cComo un antiguo tambor. Escrito en Colombia\u201d (2008), \u201cPara oto\u00f1os m\u00e1s apropiados\u201d (2010) y \u201cRecintos del extranjero\u201d (2017); la colecci\u00f3n de relatos: \u201cYerbas del patio\u201d (2006); la cr\u00f3nica sobre Medell\u00edn: \u201cEl monstruo en el hueco\u201d (2009); y los estudios literarios: \u201cSimulacra dispersa. Apuntes de literatura\u201d (2008), \u201cPedro Herreros, 1890-1937. La hoja de vida de un poeta espa\u00f1ol en Buenos Aires\u201d (2018) y \u201cMemoria de un romance. La muerte a cuchillo\u201d (2018). Actualmente se dedica a la investigaci\u00f3n de la cultura escrita en Colombia y es Profesor Titular del Departamento de Historia de la Universidad del Valle.<\/p>\n<\/div>\n","protected":false},"excerpt":{"rendered":"<p>Agencia de Noticias Univalle La Escuela de Estudios Literarios, con el apoyo del \u00c1rea Cultural Divisi\u00f3n de Bibliotecas y de la Rector\u00eda de la Universidad del Valle; el Teatro Esquina Latina y la Biblioteca P\u00fablica del Centenario, invita a su ciclo de conferencias y conversatorios de Viernes de Letras, el[&#8230;]<\/p>\n","protected":false},"author":1,"featured_media":21485,"comment_status":"open","ping_status":"open","sticky":false,"template":"","format":"standard","meta":{"footnotes":""},"categories":[4],"tags":[],"_links":{"self":[{"href":"https:\/\/emisora.univalle.edu.co\/index.php\/wp-json\/wp\/v2\/posts\/21484"}],"collection":[{"href":"https:\/\/emisora.univalle.edu.co\/index.php\/wp-json\/wp\/v2\/posts"}],"about":[{"href":"https:\/\/emisora.univalle.edu.co\/index.php\/wp-json\/wp\/v2\/types\/post"}],"author":[{"embeddable":true,"href":"https:\/\/emisora.univalle.edu.co\/index.php\/wp-json\/wp\/v2\/users\/1"}],"replies":[{"embeddable":true,"href":"https:\/\/emisora.univalle.edu.co\/index.php\/wp-json\/wp\/v2\/comments?post=21484"}],"version-history":[{"count":1,"href":"https:\/\/emisora.univalle.edu.co\/index.php\/wp-json\/wp\/v2\/posts\/21484\/revisions"}],"predecessor-version":[{"id":21486,"href":"https:\/\/emisora.univalle.edu.co\/index.php\/wp-json\/wp\/v2\/posts\/21484\/revisions\/21486"}],"wp:featuredmedia":[{"embeddable":true,"href":"https:\/\/emisora.univalle.edu.co\/index.php\/wp-json\/wp\/v2\/media\/21485"}],"wp:attachment":[{"href":"https:\/\/emisora.univalle.edu.co\/index.php\/wp-json\/wp\/v2\/media?parent=21484"}],"wp:term":[{"taxonomy":"category","embeddable":true,"href":"https:\/\/emisora.univalle.edu.co\/index.php\/wp-json\/wp\/v2\/categories?post=21484"},{"taxonomy":"post_tag","embeddable":true,"href":"https:\/\/emisora.univalle.edu.co\/index.php\/wp-json\/wp\/v2\/tags?post=21484"}],"curies":[{"name":"wp","href":"https:\/\/api.w.org\/{rel}","templated":true}]}}