{"id":21497,"date":"2020-03-16T15:25:04","date_gmt":"2020-03-16T20:25:04","guid":{"rendered":"https:\/\/emisora.univalle.edu.co\/?p=21497"},"modified":"2020-03-16T15:25:04","modified_gmt":"2020-03-16T20:25:04","slug":"declaran-alerta-amarilla-en-cali-por-pandemia-de-coronavirus","status":"publish","type":"post","link":"https:\/\/emisora.univalle.edu.co\/index.php\/declaran-alerta-amarilla-en-cali-por-pandemia-de-coronavirus\/","title":{"rendered":"Declaran alerta amarilla en Cali por pandemia de coronavirus"},"content":{"rendered":"<p><span class=\"authorPost\">Agencia de Noticias Univalle<\/span><\/p>\n<div class=\"itemFullText\">\n<p>La profesora de la Escuela de Salud P\u00fablica de la Facultad de Salud Lyda Osorio fue designada por el alcalde de Cali Jorge Iv\u00e1n Ospina como epidemi\u00f3loga de la ciudad.\u00a0Su labor consistir\u00e1 en construir la curva epid\u00e9mica de Cali, una representaci\u00f3n gr\u00e1fica del n\u00famero de casos de una patolog\u00eda dada en un per\u00edodo. Las curvas epid\u00e9micas son \u00fatiles porque proveen informaci\u00f3n acerca de\u00a0patr\u00f3n de propagaci\u00f3n de la epidemia, casos aislados, tendencia en el tiempo y periodo de exposici\u00f3n y\/o incubaci\u00f3n de la enfermedad. Esta informaci\u00f3n es muy importante porque facilitar\u00e1 la toma de decisiones de las autoridades locales.<\/p>\n<p>Tomado de\u00a0<a href=\"https:\/\/www.elpais.com.co\/ultimo-minuto\/declaran-alerta-amarilla-en-cali-por-pandemia-de-coronavirus.html\" target=\"_blank\" rel=\"noopener noreferrer\">El Pa\u00eds<\/a><\/p>\n<p>El alcalde de Cali, Jorge Iv\u00e1n Ospina, declar\u00f3 el estado de alerta amarilla en la capital del Valle del Cauca y anunci\u00f3 nuevas medidas para prevenir aumento de casos de coronavirus.<\/p>\n<p>\u00abEsa alerta amarilla la hacemos para la disposici\u00f3n de recursos y para la orientaci\u00f3n de toda la actividad del estado local en t\u00e9rminos de intervenir esta crisis. Nos parece fundamental que todo el estado local est\u00e9 trabajando en relaci\u00f3n al asunto\u00bb, asever\u00f3 el mandatario.<\/p>\n<p>A ra\u00edz de esto, se\u00f1al\u00f3, \u00abhemos definido una figura que no existe: el epidemi\u00f3logo de la ciudad. Es la \u00fanica persona autorizada para desarrollar la curva epid\u00e9mica de este Covid-19 en Cali. Este es un insumo fundamental para podernos preparar y combatir la problem\u00e1tica. Ser\u00e1 la doctora Lyda Osorio, quien es una epidemi\u00f3loga con un doctorado\u00bb.<\/p>\n<p>\u00abHemos solicitado que nuestros secretarios que est\u00e1n en primera l\u00ednea en la intervenci\u00f3n de la problem\u00e1tica, deben dejarnos depositado en sobre, el sustituto en caso de que demanden atenci\u00f3n domiciliaria y no puedan prestarle el servicio a la gente\u00bb, expuso el mandatario.<\/p>\n<p>\u00abDebemos regular las actividades colectivas. Romper las cadenas de contagio es fundamental y romperlas es impedir que existan reuniones o espacios colectivos. Vamos a restringir las actividades para bares y discotecas durante los pr\u00f3ximos diez d\u00edas\u00bb, afirm\u00f3.<\/p>\n<p>Ospina acot\u00f3 que \u00abvamos a decirles que no operen. No porque haya una ley seca, sino porque no podemos tener personas aglomeradas, porque esto es un riesgo. Tiene que ser un cierre de responsabilidad ante una crisis que se avecina\u00bb, manifest\u00f3 Ospina respecto a los bares y discotecas que a\u00fan no han anunciado la suspensi\u00f3n de su funcionamiento.<\/p>\n<p>Esta medida tambi\u00e9n se extiende, seg\u00fan manifest\u00f3, para las aglomeraciones en iglesias o cultos religiosos. \u00abEsto no es un cuento, es una realidad. Tenemos que tener capacidades para poderlo resolver\u00bb, asegur\u00f3.<\/p>\n<p>Seg\u00fan indic\u00f3, a partir de esta semana en las estaciones del M\u00cdO habr\u00e1 alcohol glicerinado para que los ciudadanos se limpien las manos.<\/p>\n<p>Adem\u00e1s, dijo, al igual que la semana anterior, que le pedir\u00e1 a Metrocali aumentar el n\u00famero de buses en horas pico para evitar aglomeraciones en el sistema.<\/p>\n<\/div>\n","protected":false},"excerpt":{"rendered":"<p>Agencia de Noticias Univalle La profesora de la Escuela de Salud P\u00fablica de la Facultad de Salud Lyda Osorio fue designada por el alcalde de Cali Jorge Iv\u00e1n Ospina como epidemi\u00f3loga de la ciudad.\u00a0Su labor consistir\u00e1 en construir la curva epid\u00e9mica de Cali, una representaci\u00f3n gr\u00e1fica del n\u00famero de casos[&#8230;]<\/p>\n","protected":false},"author":1,"featured_media":21498,"comment_status":"open","ping_status":"open","sticky":false,"template":"","format":"standard","meta":{"footnotes":""},"categories":[4],"tags":[],"_links":{"self":[{"href":"https:\/\/emisora.univalle.edu.co\/index.php\/wp-json\/wp\/v2\/posts\/21497"}],"collection":[{"href":"https:\/\/emisora.univalle.edu.co\/index.php\/wp-json\/wp\/v2\/posts"}],"about":[{"href":"https:\/\/emisora.univalle.edu.co\/index.php\/wp-json\/wp\/v2\/types\/post"}],"author":[{"embeddable":true,"href":"https:\/\/emisora.univalle.edu.co\/index.php\/wp-json\/wp\/v2\/users\/1"}],"replies":[{"embeddable":true,"href":"https:\/\/emisora.univalle.edu.co\/index.php\/wp-json\/wp\/v2\/comments?post=21497"}],"version-history":[{"count":1,"href":"https:\/\/emisora.univalle.edu.co\/index.php\/wp-json\/wp\/v2\/posts\/21497\/revisions"}],"predecessor-version":[{"id":21499,"href":"https:\/\/emisora.univalle.edu.co\/index.php\/wp-json\/wp\/v2\/posts\/21497\/revisions\/21499"}],"wp:featuredmedia":[{"embeddable":true,"href":"https:\/\/emisora.univalle.edu.co\/index.php\/wp-json\/wp\/v2\/media\/21498"}],"wp:attachment":[{"href":"https:\/\/emisora.univalle.edu.co\/index.php\/wp-json\/wp\/v2\/media?parent=21497"}],"wp:term":[{"taxonomy":"category","embeddable":true,"href":"https:\/\/emisora.univalle.edu.co\/index.php\/wp-json\/wp\/v2\/categories?post=21497"},{"taxonomy":"post_tag","embeddable":true,"href":"https:\/\/emisora.univalle.edu.co\/index.php\/wp-json\/wp\/v2\/tags?post=21497"}],"curies":[{"name":"wp","href":"https:\/\/api.w.org\/{rel}","templated":true}]}}