{"id":21504,"date":"2020-03-26T11:48:41","date_gmt":"2020-03-26T16:48:41","guid":{"rendered":"https:\/\/emisora.univalle.edu.co\/?p=21504"},"modified":"2020-03-26T11:48:41","modified_gmt":"2020-03-26T16:48:41","slug":"medidas-temporales-para-la-atencion-y-el-acceso-al-publico-en-todas-las-sedes-de-univalle","status":"publish","type":"post","link":"https:\/\/emisora.univalle.edu.co\/index.php\/medidas-temporales-para-la-atencion-y-el-acceso-al-publico-en-todas-las-sedes-de-univalle\/","title":{"rendered":"Medidas temporales para la atenci\u00f3n y el acceso al p\u00fablico en todas las sedes de Univalle"},"content":{"rendered":"<p><span class=\"itemDateCreated\">Jueves, 26 Marzo 2020<\/span><br \/>\n<span class=\"authorPost\">Agencia de Noticias Univalle<\/span><\/p>\n<div class=\"itemFullText\">\n<p>La Rector\u00eda de la Universidad del Valle emiti\u00f3 la Resoluci\u00f3n No. 1.083 a trav\u00e9s de la cual adopta medidas temporales durante el periodo de estado de emergencia sanitaria para la atenci\u00f3n y el acceso al p\u00fablico y comunidad universitaria en los campus y sedes de la Universidad del Valle con el fin de minimizar los riesgos de transmisi\u00f3n del COVID-19 y proteger la vida e integridad de la comunidad universitaria y se dictan otras disposiciones.<\/p>\n<p>Conozca el documento\u00a0<a href=\"https:\/\/drive.google.com\/file\/d\/1_I1YV_oVIH-c-Cu3O05VtlcrRXPlZLEF\/view?usp=sharing\" target=\"_blank\" rel=\"noopener noreferrer\">en este enlace<\/a><\/p>\n<\/div>\n","protected":false},"excerpt":{"rendered":"<p>Jueves, 26 Marzo 2020 Agencia de Noticias Univalle La Rector\u00eda de la Universidad del Valle emiti\u00f3 la Resoluci\u00f3n No. 1.083 a trav\u00e9s de la cual adopta medidas temporales durante el periodo de estado de emergencia sanitaria para la atenci\u00f3n y el acceso al p\u00fablico y comunidad universitaria en los campus[&#8230;]<\/p>\n","protected":false},"author":1,"featured_media":21482,"comment_status":"open","ping_status":"open","sticky":false,"template":"","format":"standard","meta":{"footnotes":""},"categories":[4],"tags":[],"_links":{"self":[{"href":"https:\/\/emisora.univalle.edu.co\/index.php\/wp-json\/wp\/v2\/posts\/21504"}],"collection":[{"href":"https:\/\/emisora.univalle.edu.co\/index.php\/wp-json\/wp\/v2\/posts"}],"about":[{"href":"https:\/\/emisora.univalle.edu.co\/index.php\/wp-json\/wp\/v2\/types\/post"}],"author":[{"embeddable":true,"href":"https:\/\/emisora.univalle.edu.co\/index.php\/wp-json\/wp\/v2\/users\/1"}],"replies":[{"embeddable":true,"href":"https:\/\/emisora.univalle.edu.co\/index.php\/wp-json\/wp\/v2\/comments?post=21504"}],"version-history":[{"count":1,"href":"https:\/\/emisora.univalle.edu.co\/index.php\/wp-json\/wp\/v2\/posts\/21504\/revisions"}],"predecessor-version":[{"id":21505,"href":"https:\/\/emisora.univalle.edu.co\/index.php\/wp-json\/wp\/v2\/posts\/21504\/revisions\/21505"}],"wp:featuredmedia":[{"embeddable":true,"href":"https:\/\/emisora.univalle.edu.co\/index.php\/wp-json\/wp\/v2\/media\/21482"}],"wp:attachment":[{"href":"https:\/\/emisora.univalle.edu.co\/index.php\/wp-json\/wp\/v2\/media?parent=21504"}],"wp:term":[{"taxonomy":"category","embeddable":true,"href":"https:\/\/emisora.univalle.edu.co\/index.php\/wp-json\/wp\/v2\/categories?post=21504"},{"taxonomy":"post_tag","embeddable":true,"href":"https:\/\/emisora.univalle.edu.co\/index.php\/wp-json\/wp\/v2\/tags?post=21504"}],"curies":[{"name":"wp","href":"https:\/\/api.w.org\/{rel}","templated":true}]}}