{"id":21518,"date":"2020-03-31T15:20:00","date_gmt":"2020-03-31T20:20:00","guid":{"rendered":"https:\/\/emisora.univalle.edu.co\/?p=21518"},"modified":"2020-03-31T15:20:00","modified_gmt":"2020-03-31T20:20:00","slug":"a-partir-de-este-martes-laboratorio-de-univalle-realizara-pruebas-del-covid-19","status":"publish","type":"post","link":"https:\/\/emisora.univalle.edu.co\/index.php\/a-partir-de-este-martes-laboratorio-de-univalle-realizara-pruebas-del-covid-19\/","title":{"rendered":"A partir de este martes laboratorio de Univalle realizar\u00e1 pruebas del COVID-19"},"content":{"rendered":"<p><span class=\"authorPost\">Agencia de Noticias Univalle<\/span><\/p>\n<div class=\"itemFullText\">\n<p>El Ministerio Nacional de Salud autoriz\u00f3 al Laboratorio de agentes biol\u00f3gicos del Departamento de Microbiolog\u00eda de la Facultad de Salud de la Universidad del Valle para analizar las muestras de pacientes para identificar la presencia del COVID-19. Como confirm\u00f3 el rector Edgar Varela Barrios, las pruebas empezar\u00e1n a analizarse a partir de este martes 31 de marzo de 2020.<\/p>\n<p>\u201cDesde hace un par de semanas ven\u00edamos tramitando con el Instituto Nacional de Salud &#8211; INS para que el Laboratorio de Microbiolog\u00eda fuera habilitado para hacer las pruebas del COVID 19. Tenemos las capacidades: hay 35 personas vinculadas actualmente al laboratorio, entre ellos monitores, contratistas, profesores de varias \u00e1reas y particularmente de las ciencias b\u00e1sicas y cl\u00ednicas. Tenemos la buena noticia de que el viernes pasado fue autorizado para analizar las pruebas. Estos an\u00e1lisis iniciar\u00e1n a partir de este martes\u201d se\u00f1al\u00f3 el rector Varela.<\/p>\n<p>\u201cInicialmente tenemos la capacidad para hacer 60 pruebas diarias. Luego las iremos escalando en la medida en que llegue un equipo que ha comprado la Universidad para aumentar su capacidad de an\u00e1lisis. De este modo Univalle se suma a otros laboratorios que adelantan esta labor en el Valle del Cauca\u201d, agreg\u00f3.<\/p>\n<p>El Laboratorio es dirigido por el profesor Gerardo Andr\u00e9s Libreros; en cuanto el \u00e1rea de Virolog\u00eda es liderada por la profesora Beatriz Parra Pati\u00f1o, ambos del mencionado Departamento de Microbiolog\u00eda.<\/p>\n<p>La habilitaci\u00f3n fue el primer paso para poder prestar el servicio; mediante la misma, la autoridad sanitaria certifica que el laboratorio cumple con las condiciones humanas, t\u00e9cnicas y log\u00edsticas exigidas para prestar el servicio de an\u00e1lisis que se requiere para la detecci\u00f3n del COVID-19.<\/p>\n<p>Otros pasos previos al inicio de la prestaci\u00f3n del servicio son la estandarizaci\u00f3n de los procesos (toma de muestras, traslado de las mismas, an\u00e1lisis de ellas), el entrenamiento del personal y los acuerdos con las autoridades e instituciones de salud que tomar\u00e1n las muestras y las har\u00e1n llegar de manera adecuada al laboratorio.<\/p>\n<p>Cabe aclarar que el laboratorio no va a estar abierto al p\u00fablico en general; este funcionar\u00e1 exclusivamente como centro de diagn\u00f3stico, es decir, se le remitir\u00e1n las muestras desde las IPS por medio de la Secretar\u00eda de Salud de Cali y posteriormente se procesar\u00e1n en la Universidad.<\/p>\n<p>\u201cParte de las pruebas las vamos a hacer porque tenemos existencia de material en propiedad de la Universidad. Hemos hecho compras internacionales desde la instituci\u00f3n y tambi\u00e9n porque hay una importaci\u00f3n colombiana de la cual debemos tener una participaci\u00f3n, cuando en el futuro se puedan comprar m\u00e1s de estos insumos que son muy requeridos y donde ha habido algunas dificultades que est\u00e1n en proceso de resolverse con el Invima. Aspiro a que podamos dar soporte de manera continua a partir de este martes a las secretar\u00edas de salud, las EPS e IPS para que se puedan hacer las pruebas con el mismo rigor con que las hace el INS y como lo vienen haciendo ya varias universidades p\u00fablicas y privadas colombianas\u201d destac\u00f3 el rector Edgar Varela.<\/p>\n<p>Destaca el Ministerio de Salud y Protecci\u00f3n Social que el Laboratorio de Microbiolog\u00eda cumple las condiciones de nivel de bioseguridad 2 de acuerdo con la clasificaci\u00f3n de la OMS. Cuenta con cabinas de bioseguridad clase II y con PCR en tiempo real.<\/p>\n<p>\u201cHay pruebas r\u00e1pidas y en este sentido el Servicio M\u00e9dico de nuestra universidad las va a desarrollar a partir de esta misma semana porque es una tarea que se ha designado desde el Minsalud a las EPS\u201d finaliz\u00f3 el docente y directivo universitario.<\/p>\n<p>De esta forma, la Universidad del Valle hace otro aporte institucional fundamental, junto con las autoridades sanitarias del departamento, para la salud de las comunidades de la Regi\u00f3n Pac\u00edfico del pa\u00eds.<\/p>\n<\/div>\n","protected":false},"excerpt":{"rendered":"<p>Agencia de Noticias Univalle El Ministerio Nacional de Salud autoriz\u00f3 al Laboratorio de agentes biol\u00f3gicos del Departamento de Microbiolog\u00eda de la Facultad de Salud de la Universidad del Valle para analizar las muestras de pacientes para identificar la presencia del COVID-19. Como confirm\u00f3 el rector Edgar Varela Barrios, las pruebas[&#8230;]<\/p>\n","protected":false},"author":1,"featured_media":21519,"comment_status":"open","ping_status":"open","sticky":false,"template":"","format":"standard","meta":{"footnotes":""},"categories":[4],"tags":[],"_links":{"self":[{"href":"https:\/\/emisora.univalle.edu.co\/index.php\/wp-json\/wp\/v2\/posts\/21518"}],"collection":[{"href":"https:\/\/emisora.univalle.edu.co\/index.php\/wp-json\/wp\/v2\/posts"}],"about":[{"href":"https:\/\/emisora.univalle.edu.co\/index.php\/wp-json\/wp\/v2\/types\/post"}],"author":[{"embeddable":true,"href":"https:\/\/emisora.univalle.edu.co\/index.php\/wp-json\/wp\/v2\/users\/1"}],"replies":[{"embeddable":true,"href":"https:\/\/emisora.univalle.edu.co\/index.php\/wp-json\/wp\/v2\/comments?post=21518"}],"version-history":[{"count":1,"href":"https:\/\/emisora.univalle.edu.co\/index.php\/wp-json\/wp\/v2\/posts\/21518\/revisions"}],"predecessor-version":[{"id":21520,"href":"https:\/\/emisora.univalle.edu.co\/index.php\/wp-json\/wp\/v2\/posts\/21518\/revisions\/21520"}],"wp:featuredmedia":[{"embeddable":true,"href":"https:\/\/emisora.univalle.edu.co\/index.php\/wp-json\/wp\/v2\/media\/21519"}],"wp:attachment":[{"href":"https:\/\/emisora.univalle.edu.co\/index.php\/wp-json\/wp\/v2\/media?parent=21518"}],"wp:term":[{"taxonomy":"category","embeddable":true,"href":"https:\/\/emisora.univalle.edu.co\/index.php\/wp-json\/wp\/v2\/categories?post=21518"},{"taxonomy":"post_tag","embeddable":true,"href":"https:\/\/emisora.univalle.edu.co\/index.php\/wp-json\/wp\/v2\/tags?post=21518"}],"curies":[{"name":"wp","href":"https:\/\/api.w.org\/{rel}","templated":true}]}}